{"id":8853,"date":"2023-12-14T08:56:09","date_gmt":"2023-12-14T11:56:09","guid":{"rendered":"https:\/\/delparquefm.com\/press\/?p=8853"},"modified":"2023-12-14T08:56:09","modified_gmt":"2023-12-14T11:56:09","slug":"anep-definio-fechas-del-ano-lectivo-2024","status":"publish","type":"post","link":"https:\/\/delparquefm.com\/press\/anep-definio-fechas-del-ano-lectivo-2024\/","title":{"rendered":"ANEP defini\u00f3 fechas del a\u00f1o lectivo 2024"},"content":{"rendered":"<p><em><strong>Primaria inicial las clases el 4 de marzo. Las vacaciones de invierno ser\u00e1n del 1 al 5 de julio<\/strong><\/em><\/p>\n<p>El Consejo Directivo Central (Codicen) de la Administraci\u00f3n Nacional de Educaci\u00f3n P\u00fablica (ANEP) aprob\u00f3 el calendario de actividades para el a\u00f1o lectivo 2024 de Educaci\u00f3n Primaria, Secundaria y T\u00e9cnico Profesional.<\/p>\n<p>En Educaci\u00f3n Primaria, tanto escolares de inicial y primaria comenzar\u00e1n el a\u00f1o lectivo 2024 el 4 de marzo.<\/p>\n<p>Las vacaciones de invierno se desarrollar\u00e1n entre el 1 y el 5 de julio, y el receso de setiembre del 18 al 20 de setiembre.<\/p>\n<p>Las clases culminar\u00e1n el 13 diciembre de 2024 y los actos de fin de curso ser\u00e1n del 14 al 17.<\/p>\n<p>En Secundaria los inicios de cursos ser\u00e1n a partir del 4 de marzo. Las vacaciones (per\u00edodo especial de acreditaci\u00f3n) del 1 al 13 de julio y del 18 al 20 de setiembre. Y la primera finalizaci\u00f3n de cursos, el 30 de noviembre.<\/p>\n<p><a href=\"https:\/\/mediospublicos.uy\/wp-content\/uploads\/COMUNICADO-N%C2%B0-138-023-CALENDARIO.pdf\">Ver comunicado con calendario completo para todos los subsistemas<\/a><\/p>\n<p>&nbsp;<\/p>\n<p>www.mediospublicos.uy &#8211; Foto: Javier Calvelo\/AdhocFotos<\/p>\n","protected":false},"excerpt":{"rendered":"<p>Primaria inicial las clases el 4 de marzo. Las vacaciones de invierno ser\u00e1n del 1 al 5 de julio El Consejo Directivo Central (Codicen) de&#8230;<\/p>\n","protected":false},"author":2,"featured_media":8855,"comment_status":"open","ping_status":"closed","sticky":false,"template":"","format":"standard","meta":[],"categories":[18,8],"tags":[],"_links":{"self":[{"href":"https:\/\/delparquefm.com\/press\/wp-json\/wp\/v2\/posts\/8853"}],"collection":[{"href":"https:\/\/delparquefm.com\/press\/wp-json\/wp\/v2\/posts"}],"about":[{"href":"https:\/\/delparquefm.com\/press\/wp-json\/wp\/v2\/types\/post"}],"author":[{"embeddable":true,"href":"https:\/\/delparquefm.com\/press\/wp-json\/wp\/v2\/users\/2"}],"replies":[{"embeddable":true,"href":"https:\/\/delparquefm.com\/press\/wp-json\/wp\/v2\/comments?post=8853"}],"version-history":[{"count":1,"href":"https:\/\/delparquefm.com\/press\/wp-json\/wp\/v2\/posts\/8853\/revisions"}],"predecessor-version":[{"id":8854,"href":"https:\/\/delparquefm.com\/press\/wp-json\/wp\/v2\/posts\/8853\/revisions\/8854"}],"wp:featuredmedia":[{"embeddable":true,"href":"https:\/\/delparquefm.com\/press\/wp-json\/wp\/v2\/media\/8855"}],"wp:attachment":[{"href":"https:\/\/delparquefm.com\/press\/wp-json\/wp\/v2\/media?parent=8853"}],"wp:term":[{"taxonomy":"category","embeddable":true,"href":"https:\/\/delparquefm.com\/press\/wp-json\/wp\/v2\/categories?post=8853"},{"taxonomy":"post_tag","embeddable":true,"href":"https:\/\/delparquefm.com\/press\/wp-json\/wp\/v2\/tags?post=8853"}],"curies":[{"name":"wp","href":"https:\/\/api.w.org\/{rel}","templated":true}]}}