{"id":8850,"date":"2023-12-12T16:28:25","date_gmt":"2023-12-12T19:28:25","guid":{"rendered":"https:\/\/delparquefm.com\/press\/?p=8850"},"modified":"2023-12-12T16:28:25","modified_gmt":"2023-12-12T19:28:25","slug":"conservatorio-departamental-de-musica-invita-al-concierto-de-fin-de-cursos","status":"publish","type":"post","link":"https:\/\/delparquefm.com\/press\/conservatorio-departamental-de-musica-invita-al-concierto-de-fin-de-cursos\/","title":{"rendered":"Conservatorio Departamental de M\u00fasica invita al concierto de fin de cursos"},"content":{"rendered":"<div dir=\"auto\">\n<div class=\"x11i5rnm xat24cr x1mh8g0r x1vvkbs xtlvy1s x126k92a\">\n<div dir=\"auto\">Este jueves 14 de diciembre a las 19.30 horas, el\u00a0 Conservatorio Departamental de M\u00fasica brindar\u00e1 su concierto de cierre de temporada en el Teatro Larra\u00f1aga. La propuesta musical y puesta en escena, en esta oportunidad, invita a realizar un recorrido por diferentes pa\u00edses.<\/div>\n<\/div>\n<div class=\"x11i5rnm xat24cr x1mh8g0r x1vvkbs xtlvy1s x126k92a\">\n<div dir=\"auto\">Al finalizar el concierto se entregar\u00e1n los T\u00edtulos a la nueva generaci\u00f3n de Profesores egresados y certificados a los dem\u00e1s estudiantes.<\/div>\n<\/div>\n<div class=\"x11i5rnm xat24cr x1mh8g0r x1vvkbs xtlvy1s x126k92a\">\n<div dir=\"auto\">La entrada es un alimento no perecedero para colaborar con las familias evacuadas.<\/div>\n<\/div>\n<\/div>\n<div dir=\"auto\"><\/div>\n<div dir=\"auto\">\n<div class=\"x11i5rnm xat24cr x1mh8g0r x1vvkbs xtlvy1s x126k92a\">\n<div dir=\"auto\"><img class=\"aligncenter\" src=\"https:\/\/expansion.uy\/archivos\/enter23\/8024.jpg\" \/><\/div>\n<div dir=\"auto\"><\/div>\n<\/div>\n<\/div>\n","protected":false},"excerpt":{"rendered":"<p>Este jueves 14 de diciembre a las 19.30 horas, el\u00a0 Conservatorio Departamental de M\u00fasica brindar\u00e1 su concierto de cierre de temporada en el Teatro Larra\u00f1aga&#8230;.<\/p>\n","protected":false},"author":2,"featured_media":8852,"comment_status":"open","ping_status":"closed","sticky":false,"template":"","format":"standard","meta":[],"categories":[15,8],"tags":[],"_links":{"self":[{"href":"https:\/\/delparquefm.com\/press\/wp-json\/wp\/v2\/posts\/8850"}],"collection":[{"href":"https:\/\/delparquefm.com\/press\/wp-json\/wp\/v2\/posts"}],"about":[{"href":"https:\/\/delparquefm.com\/press\/wp-json\/wp\/v2\/types\/post"}],"author":[{"embeddable":true,"href":"https:\/\/delparquefm.com\/press\/wp-json\/wp\/v2\/users\/2"}],"replies":[{"embeddable":true,"href":"https:\/\/delparquefm.com\/press\/wp-json\/wp\/v2\/comments?post=8850"}],"version-history":[{"count":1,"href":"https:\/\/delparquefm.com\/press\/wp-json\/wp\/v2\/posts\/8850\/revisions"}],"predecessor-version":[{"id":8851,"href":"https:\/\/delparquefm.com\/press\/wp-json\/wp\/v2\/posts\/8850\/revisions\/8851"}],"wp:featuredmedia":[{"embeddable":true,"href":"https:\/\/delparquefm.com\/press\/wp-json\/wp\/v2\/media\/8852"}],"wp:attachment":[{"href":"https:\/\/delparquefm.com\/press\/wp-json\/wp\/v2\/media?parent=8850"}],"wp:term":[{"taxonomy":"category","embeddable":true,"href":"https:\/\/delparquefm.com\/press\/wp-json\/wp\/v2\/categories?post=8850"},{"taxonomy":"post_tag","embeddable":true,"href":"https:\/\/delparquefm.com\/press\/wp-json\/wp\/v2\/tags?post=8850"}],"curies":[{"name":"wp","href":"https:\/\/api.w.org\/{rel}","templated":true}]}}