{"id":8844,"date":"2023-12-12T16:13:34","date_gmt":"2023-12-12T19:13:34","guid":{"rendered":"https:\/\/delparquefm.com\/press\/?p=8844"},"modified":"2023-12-12T16:13:34","modified_gmt":"2023-12-12T19:13:34","slug":"informe-de-situacion-por-la-creciente-del-rio-uruguay-11-12-2023-1700-horas","status":"publish","type":"post","link":"https:\/\/delparquefm.com\/press\/informe-de-situacion-por-la-creciente-del-rio-uruguay-11-12-2023-1700-horas\/","title":{"rendered":"Informe de situaci\u00f3n por la creciente del R\u00edo Uruguay (11\/12\/2023 &#8211; 17:00 horas)"},"content":{"rendered":"<div class=\"itemIntroText\">\n<p>En relaci\u00f3n a la creciente del r\u00edo Uruguay, el CECOED informa lo siguiente:<\/p>\n<p>De acuerdo a los \u00faltimos reportes, disminuy\u00f3 a 121 el n\u00famero de personas evacuadas (50 familias) y a 895 el n\u00famero de personas autoevacuadas (313 familias) totalizando 1.016 personas desplazadas.<\/p>\n<p>La altura actual del r\u00edo Uruguay frente al Puerto de Salto es de 9,52 metros al momento de emitir este informe. Seg\u00fan las proyecciones del \u00c1rea de Hidrolog\u00eda de Salto Grande, se espera que la cota m\u00e1xima en el puerto de Salto no supere los 10,00 metros hasta la hora 15.00 de este martes.<\/p>\n<p>El Comit\u00e9 Departamental de Emergencias comenz\u00f3 con el &#8220;Operativo Retorno&#8221;, por el que las personas desplazadas por las inundaciones inician las tareas de limpieza y desinfecci\u00f3n y est\u00e1n volviendo a sus hogares.<\/p>\n<p>Se informa que a\u00fan no se ha habilitado el alumbrado en la zona de Costanera Norte, desde el Puerto al Polo, hasta que UTE culmine con las inspecciones correspondientes tras la bajante del r\u00edo.<\/p>\n<\/div>\n<div class=\"itemFullText\">\n<p>Se recuerda las v\u00edas de comunicaci\u00f3n con el CECOED, a trav\u00e9s del tel\u00e9fono 47327359 o por WhatsApp al 099383807.<\/p>\n<p>Se recomienda encarecidamente abstenerse de ba\u00f1arse en el r\u00edo y de realizar cualquier tipo de deporte acu\u00e1tico, dada la situaci\u00f3n de alto riesgo que presenta.<\/p>\n<p>&nbsp;<\/p>\n<p>Comit\u00e9 Departamental de Emergencias<\/p>\n<\/div>\n","protected":false},"excerpt":{"rendered":"<p>En relaci\u00f3n a la creciente del r\u00edo Uruguay, el CECOED informa lo siguiente: De acuerdo a los \u00faltimos reportes, disminuy\u00f3 a 121 el n\u00famero de&#8230;<\/p>\n","protected":false},"author":2,"featured_media":8846,"comment_status":"open","ping_status":"closed","sticky":false,"template":"","format":"standard","meta":[],"categories":[18,8],"tags":[],"_links":{"self":[{"href":"https:\/\/delparquefm.com\/press\/wp-json\/wp\/v2\/posts\/8844"}],"collection":[{"href":"https:\/\/delparquefm.com\/press\/wp-json\/wp\/v2\/posts"}],"about":[{"href":"https:\/\/delparquefm.com\/press\/wp-json\/wp\/v2\/types\/post"}],"author":[{"embeddable":true,"href":"https:\/\/delparquefm.com\/press\/wp-json\/wp\/v2\/users\/2"}],"replies":[{"embeddable":true,"href":"https:\/\/delparquefm.com\/press\/wp-json\/wp\/v2\/comments?post=8844"}],"version-history":[{"count":1,"href":"https:\/\/delparquefm.com\/press\/wp-json\/wp\/v2\/posts\/8844\/revisions"}],"predecessor-version":[{"id":8845,"href":"https:\/\/delparquefm.com\/press\/wp-json\/wp\/v2\/posts\/8844\/revisions\/8845"}],"wp:featuredmedia":[{"embeddable":true,"href":"https:\/\/delparquefm.com\/press\/wp-json\/wp\/v2\/media\/8846"}],"wp:attachment":[{"href":"https:\/\/delparquefm.com\/press\/wp-json\/wp\/v2\/media?parent=8844"}],"wp:term":[{"taxonomy":"category","embeddable":true,"href":"https:\/\/delparquefm.com\/press\/wp-json\/wp\/v2\/categories?post=8844"},{"taxonomy":"post_tag","embeddable":true,"href":"https:\/\/delparquefm.com\/press\/wp-json\/wp\/v2\/tags?post=8844"}],"curies":[{"name":"wp","href":"https:\/\/api.w.org\/{rel}","templated":true}]}}