{"id":8835,"date":"2023-12-08T09:07:01","date_gmt":"2023-12-08T12:07:01","guid":{"rendered":"https:\/\/delparquefm.com\/press\/?p=8835"},"modified":"2023-12-08T09:07:01","modified_gmt":"2023-12-08T12:07:01","slug":"lacalle-al-mercosur-acepten-que-avancemos-primero-con-china","status":"publish","type":"post","link":"https:\/\/delparquefm.com\/press\/lacalle-al-mercosur-acepten-que-avancemos-primero-con-china\/","title":{"rendered":"Lacalle al Mercosur: acepten que avancemos primero con China"},"content":{"rendered":"<p><em><strong>\u201cPedimos que se nos entienda a nosotros\u201d, dijo a sus pares en Brasil<\/strong><\/em><\/p>\n<p>En la Cumbre del Mercosur, el presidente Luis Lacalle Pou pidi\u00f3 a los dem\u00e1s pa\u00edses del bloque que dejen a Uruguay avanzar en un acuerdo de libre comercio con China. \u201cAcepten, entiendan que avanzamos primero\u201d, expres\u00f3 y agreg\u00f3: \u201cDespu\u00e9s vendr\u00e1n Paraguay, Brasil, Argentina\u2026\u201d.<\/p>\n<p>Si no, exigi\u00f3 a sus pares, que se diga claramente que no hay voluntad de avanzar en un acuerdo libre comercio con China.<\/p>\n<p>Lacalle dijo que el presidente del pa\u00eds asi\u00e1tico le expres\u00f3 su voluntad de acordar con Uruguay, pero pidi\u00f3 para eso que los dem\u00e1s socios del Mercosur no se opongan. \u201cLo que necesitamos es que nos digan claramente: \u2018No hay problema. Que avance Uruguay, que despu\u00e9s vamos todos\u201d.<\/p>\n<p>\u201cTodos sabemos que los respectivos servicios exteriores han hablado con China para alertar que no ser\u00eda bien visto que Uruguay avanzara bilateralmente, todos lo sabemos, \u00bfverdad?\u201d, pregunt\u00f3.<\/p>\n<p>El presidente insisti\u00f3 en la necesidad de modernizar el Mercosur y dijo que es necesario avanzar y no \u00abaislarse en el pasado\u00bb, en referencia a los cerca de 25 a\u00f1os que llevan las negociaciones con la Uni\u00f3n Europea (UE).<\/p>\n<p>En este sentido aplaudi\u00f3 el acuerdo suscrito con Singapur y dijo que si bien no representa un gran cambio para Uruguay s\u00ed lo es para otros pa\u00edses del Mercosur.<\/p>\n<blockquote class=\"twitter-tweet\" data-width=\"550\" data-dnt=\"true\">\n<p lang=\"es\" dir=\"ltr\">Discurso en la LXIII Cumbre de Jefes de Estado del MERCOSUR. <a href=\"https:\/\/t.co\/GYwSUxrqT9\">https:\/\/t.co\/GYwSUxrqT9<\/a><\/p>\n<p>&mdash; Luis Lacalle Pou (@LuisLacallePou) <a href=\"https:\/\/twitter.com\/LuisLacallePou\/status\/1732805799511023896?ref_src=twsrc%5Etfw\">December 7, 2023<\/a><\/p><\/blockquote>\n<p><script async src=\"https:\/\/platform.twitter.com\/widgets.js\" charset=\"utf-8\"><\/script><\/p>\n<p>www.mediospublicos.uy<\/p>\n","protected":false},"excerpt":{"rendered":"<p>\u201cPedimos que se nos entienda a nosotros\u201d, dijo a sus pares en Brasil En la Cumbre del Mercosur, el presidente Luis Lacalle Pou pidi\u00f3 a&#8230;<\/p>\n","protected":false},"author":2,"featured_media":8838,"comment_status":"open","ping_status":"closed","sticky":false,"template":"","format":"standard","meta":[],"categories":[8,12],"tags":[],"_links":{"self":[{"href":"https:\/\/delparquefm.com\/press\/wp-json\/wp\/v2\/posts\/8835"}],"collection":[{"href":"https:\/\/delparquefm.com\/press\/wp-json\/wp\/v2\/posts"}],"about":[{"href":"https:\/\/delparquefm.com\/press\/wp-json\/wp\/v2\/types\/post"}],"author":[{"embeddable":true,"href":"https:\/\/delparquefm.com\/press\/wp-json\/wp\/v2\/users\/2"}],"replies":[{"embeddable":true,"href":"https:\/\/delparquefm.com\/press\/wp-json\/wp\/v2\/comments?post=8835"}],"version-history":[{"count":1,"href":"https:\/\/delparquefm.com\/press\/wp-json\/wp\/v2\/posts\/8835\/revisions"}],"predecessor-version":[{"id":8837,"href":"https:\/\/delparquefm.com\/press\/wp-json\/wp\/v2\/posts\/8835\/revisions\/8837"}],"wp:featuredmedia":[{"embeddable":true,"href":"https:\/\/delparquefm.com\/press\/wp-json\/wp\/v2\/media\/8838"}],"wp:attachment":[{"href":"https:\/\/delparquefm.com\/press\/wp-json\/wp\/v2\/media?parent=8835"}],"wp:term":[{"taxonomy":"category","embeddable":true,"href":"https:\/\/delparquefm.com\/press\/wp-json\/wp\/v2\/categories?post=8835"},{"taxonomy":"post_tag","embeddable":true,"href":"https:\/\/delparquefm.com\/press\/wp-json\/wp\/v2\/tags?post=8835"}],"curies":[{"name":"wp","href":"https:\/\/api.w.org\/{rel}","templated":true}]}}