{"id":8739,"date":"2023-11-17T07:51:42","date_gmt":"2023-11-17T10:51:42","guid":{"rendered":"https:\/\/delparquefm.com\/press\/?p=8739"},"modified":"2023-11-17T07:51:42","modified_gmt":"2023-11-17T10:51:42","slug":"obra-social-don-bosco-organiza-evento-a-beneficio-de-sus-oratorios","status":"publish","type":"post","link":"https:\/\/delparquefm.com\/press\/obra-social-don-bosco-organiza-evento-a-beneficio-de-sus-oratorios\/","title":{"rendered":"Obra Social Don Bosco organiza evento a beneficio de sus Oratorios"},"content":{"rendered":"<p><em><strong>El pr\u00f3ximo domingo 19, a partir de las 16 hrs, en la intersecci\u00f3n de las calles San Mart\u00edn y Corrientes, la Obra Social Don Bosco llevar\u00e1 a cabo un evento ben\u00e9fico con el objetivo de recaudar fondos para el campamento de fin de a\u00f1o de los cientos de chicos, que asisten semanalmente a los dos Oratorios.<\/strong><\/em><\/p>\n<p>Estos Oratorios, ubicados en los barrios Andresito y Quiroga, son lugares donde los chicos disfrutan de diversas actividades.<\/p>\n<p>El Padre Jos\u00e9 P\u00e9rez anunci\u00f3 que 50 animadores participar\u00e1n en este importante evento para ofrecer a los ni\u00f1os que asisten regularmente a los Oratorios un espacio de disfrute y diversi\u00f3n, permiti\u00e9ndoles ejercer plenamente sus derechos.<br \/>\nAymara Ferrando de Divertypark se\u00f1al\u00f3 que el pr\u00f3ximo domingo 19 por la tarde ser\u00e1 un momento de encuentro para toda la familia de Don Bosco. Con propuestas gastron\u00f3micas y art\u00edsticas, este evento brinda una oportunidad de disfrute para toda la familia, especialmente para la poblaci\u00f3n de los Oratorios. Adem\u00e1s, se destac\u00f3 la presencia de juegos inflables gigantes que estar\u00e1n por primera vez en Salto.<\/p>\n<p>La Intendencia de Salto brinda su apoyo y acompa\u00f1a este evento, consider\u00e1ndolo como un cierre de a\u00f1o para las diversas acciones y actividades llevadas a cabo a lo largo del 2023, seg\u00fan indic\u00f3 el coordinador de Juventud de la Intendencia, Eduardo Varela Minutti.<\/p>\n<p>Cabe destacar que los Oratorios de la Obra Social Don Bosco reciben alrededor de 300 ni\u00f1os y ni\u00f1as cada s\u00e1bado durante toda la ma\u00f1ana, concluyendo con un almuerzo. Diversas actividades recreativas son llevadas a cabo en conjunto con el grupo de j\u00f3venes animadores que visitan los barrios Andresito y Quiroga cada s\u00e1bado.<\/p>\n","protected":false},"excerpt":{"rendered":"<p>El pr\u00f3ximo domingo 19, a partir de las 16 hrs, en la intersecci\u00f3n de las calles San Mart\u00edn y Corrientes, la Obra Social Don Bosco&#8230;<\/p>\n","protected":false},"author":2,"featured_media":8741,"comment_status":"open","ping_status":"closed","sticky":false,"template":"","format":"standard","meta":[],"categories":[16,8],"tags":[],"_links":{"self":[{"href":"https:\/\/delparquefm.com\/press\/wp-json\/wp\/v2\/posts\/8739"}],"collection":[{"href":"https:\/\/delparquefm.com\/press\/wp-json\/wp\/v2\/posts"}],"about":[{"href":"https:\/\/delparquefm.com\/press\/wp-json\/wp\/v2\/types\/post"}],"author":[{"embeddable":true,"href":"https:\/\/delparquefm.com\/press\/wp-json\/wp\/v2\/users\/2"}],"replies":[{"embeddable":true,"href":"https:\/\/delparquefm.com\/press\/wp-json\/wp\/v2\/comments?post=8739"}],"version-history":[{"count":1,"href":"https:\/\/delparquefm.com\/press\/wp-json\/wp\/v2\/posts\/8739\/revisions"}],"predecessor-version":[{"id":8740,"href":"https:\/\/delparquefm.com\/press\/wp-json\/wp\/v2\/posts\/8739\/revisions\/8740"}],"wp:featuredmedia":[{"embeddable":true,"href":"https:\/\/delparquefm.com\/press\/wp-json\/wp\/v2\/media\/8741"}],"wp:attachment":[{"href":"https:\/\/delparquefm.com\/press\/wp-json\/wp\/v2\/media?parent=8739"}],"wp:term":[{"taxonomy":"category","embeddable":true,"href":"https:\/\/delparquefm.com\/press\/wp-json\/wp\/v2\/categories?post=8739"},{"taxonomy":"post_tag","embeddable":true,"href":"https:\/\/delparquefm.com\/press\/wp-json\/wp\/v2\/tags?post=8739"}],"curies":[{"name":"wp","href":"https:\/\/api.w.org\/{rel}","templated":true}]}}