{"id":8706,"date":"2023-11-13T08:22:42","date_gmt":"2023-11-13T11:22:42","guid":{"rendered":"https:\/\/delparquefm.com\/press\/?p=8706"},"modified":"2023-11-13T08:22:42","modified_gmt":"2023-11-13T11:22:42","slug":"con-acusaciones-de-chorro-y-desequilibrado-mental-massa-y-milei-se-cruzaron-en-el-ultimo-debate-a-una-semana-del-balotaje-en-argentina","status":"publish","type":"post","link":"https:\/\/delparquefm.com\/press\/con-acusaciones-de-chorro-y-desequilibrado-mental-massa-y-milei-se-cruzaron-en-el-ultimo-debate-a-una-semana-del-balotaje-en-argentina\/","title":{"rendered":"Con acusaciones de &#8220;chorro&#8221; y &#8220;desequilibrado mental&#8221;, Massa y Milei se cruzaron en el \u00faltimo debate a una semana del balotaje en Argentina"},"content":{"rendered":"<p class=\"excerpt\"><em><strong>El pr\u00f3ximo presidente argentino asumir\u00e1 el 10 de diciembre para un periodo de cuatro a\u00f1os.<\/strong><\/em><\/p>\n<p>El ministro de Econom\u00eda Sergio Massa y el dirigente libertario Javier Milei se acusaron mutuamente de &#8220;ladr\u00f3n&#8221; o &#8220;desequilibrado mental&#8221; en un debate este domingo, en busca de atraer los \u00faltimos votos a una semana del balotaje presidencial en Argentina que los sondeos muestran en empate t\u00e9cnico.<\/p>\n<p>&#8220;Los argentinos tienen que elegir qui\u00e9n tiene la templanza, el equilibrio mental y el contacto con la realidad como para poder llevar adelante a Argentina&#8221;, lanz\u00f3 Massa, un peronista de centro que se esmer\u00f3 en mostrar serenidad a la vez que insisti\u00f3 en la importancia de que ambos aspirantes se sometan a una prueba psicot\u00e9cnica.<\/p>\n<p>A su vez, Milei, un economista que se proclama como anarco-capitalista, atac\u00f3 a Massa al definirlo como parte de la &#8220;casta corrupta y chorra (ladrona)&#8221; y asever\u00f3 que &#8220;su signo pol\u00edtico lleva 16 a\u00f1os en el poder&#8221;.<\/p>\n<p>La casta &#8220;se compone de pol\u00edticos ladrones. Los ten\u00e9s todos con vos, son los kirchneristas. Otro componente son los empresarios prebendarios, la gran mayor\u00eda son amigos tuyos o ten\u00e9s negocios con ellos&#8221;, sostuvo Milei de Massa en este \u00faltimo debate en el auditorio de la Facultad de Derecho de la Universidad de Buenos Aires.<\/p>\n<p>Los dos candidatos buscaron convencer al sector de los indecisos ante la segunda vuelta presidencial del 19 de noviembre, que se augura re\u00f1ida y en la que muchos electores sienten que optar\u00e1n por el mal menor en medio de una grave crisis econ\u00f3mica con inflaci\u00f3n anualizada de 140% y 40% de pobreza.<\/p>\n<p>En la primera vuelta del 22 de octubre, Massa qued\u00f3 primero con casi 37% de los votos y Milei segundo con 30%. La tercera candidata, Patricia Bullrich, que obtuvo 24%, pidi\u00f3 a sus seguidores apoyar al libertario en el balotaje.<\/p>\n<p>&#8220;Quiero ser presidente sabiendo que algunos me votar\u00e1n sin estar convencidos, como veh\u00edculo para no elegir un camino que es de violencia y da\u00f1o&#8221;, declar\u00f3 Massa, quien ofrece un gobierno de unidad nacional, m\u00e1s amplio que el peronismo, en caso de ganar los comicios.<\/p>\n<p>Milei, en tanto, calific\u00f3 la elecci\u00f3n como un dilema entre inflaci\u00f3n o estabilidad, decadencia o crecimiento econ\u00f3mico, populismo o rep\u00fablica, y llam\u00f3 a &#8220;votar sin miedo porque el miedo paraliza, y si te paralizas beneficias al statu quo que nos empobrece&#8221;.<\/p>\n<p>En este \u00faltimo tramo de la campa\u00f1a, Milei, que hab\u00eda acudido a actos pol\u00edticos con una motosierra, s\u00edmbolo de su intenci\u00f3n de recortar el gasto p\u00fablico, se mostr\u00f3 m\u00e1s comedido en sus propuestas, aunque ratific\u00f3 este domingo que eliminar\u00eda el Banco Central y dolarizar\u00eda la econom\u00eda si resulta electo.<\/p>\n<p>El pr\u00f3ximo presidente argentino asumir\u00e1 el 10 de diciembre para un periodo de cuatro a\u00f1os.<\/p>\n<p><em>www.teledoce.com &#8211; AFP &#8211; FOTO: AFP<\/em><\/p>\n","protected":false},"excerpt":{"rendered":"<p>El pr\u00f3ximo presidente argentino asumir\u00e1 el 10 de diciembre para un periodo de cuatro a\u00f1os. El ministro de Econom\u00eda Sergio Massa y el dirigente libertario&#8230;<\/p>\n","protected":false},"author":2,"featured_media":8708,"comment_status":"open","ping_status":"closed","sticky":false,"template":"","format":"standard","meta":[],"categories":[18,8],"tags":[],"_links":{"self":[{"href":"https:\/\/delparquefm.com\/press\/wp-json\/wp\/v2\/posts\/8706"}],"collection":[{"href":"https:\/\/delparquefm.com\/press\/wp-json\/wp\/v2\/posts"}],"about":[{"href":"https:\/\/delparquefm.com\/press\/wp-json\/wp\/v2\/types\/post"}],"author":[{"embeddable":true,"href":"https:\/\/delparquefm.com\/press\/wp-json\/wp\/v2\/users\/2"}],"replies":[{"embeddable":true,"href":"https:\/\/delparquefm.com\/press\/wp-json\/wp\/v2\/comments?post=8706"}],"version-history":[{"count":1,"href":"https:\/\/delparquefm.com\/press\/wp-json\/wp\/v2\/posts\/8706\/revisions"}],"predecessor-version":[{"id":8707,"href":"https:\/\/delparquefm.com\/press\/wp-json\/wp\/v2\/posts\/8706\/revisions\/8707"}],"wp:featuredmedia":[{"embeddable":true,"href":"https:\/\/delparquefm.com\/press\/wp-json\/wp\/v2\/media\/8708"}],"wp:attachment":[{"href":"https:\/\/delparquefm.com\/press\/wp-json\/wp\/v2\/media?parent=8706"}],"wp:term":[{"taxonomy":"category","embeddable":true,"href":"https:\/\/delparquefm.com\/press\/wp-json\/wp\/v2\/categories?post=8706"},{"taxonomy":"post_tag","embeddable":true,"href":"https:\/\/delparquefm.com\/press\/wp-json\/wp\/v2\/tags?post=8706"}],"curies":[{"name":"wp","href":"https:\/\/api.w.org\/{rel}","templated":true}]}}