{"id":8702,"date":"2023-11-11T07:31:00","date_gmt":"2023-11-11T10:31:00","guid":{"rendered":"https:\/\/delparquefm.com\/press\/?p=8702"},"modified":"2023-11-11T07:31:00","modified_gmt":"2023-11-11T10:31:00","slug":"informe-de-situacion-por-la-creciente-del-rio-uruguay-10-11-2023-1800-horas","status":"publish","type":"post","link":"https:\/\/delparquefm.com\/press\/informe-de-situacion-por-la-creciente-del-rio-uruguay-10-11-2023-1800-horas\/","title":{"rendered":"Informe de situaci\u00f3n por la creciente del R\u00edo Uruguay (10\/11\/2023 &#8211; 18:00 horas)"},"content":{"rendered":"<header class=\"clearfix\">\n<h1><span style=\"font-size: 22px; font-family: NonBreakingSpaceOverride, 'Hoefler Text', 'Baskerville Old Face', Garamond, 'Times New Roman', serif;\">En relaci\u00f3n a la creciente del r\u00edo Uruguay, el CECOED informa lo siguiente:<\/span><\/h1>\n<\/header>\n<div class=\"itemBody\">\n<div class=\"itemIntroText\">\n<p>De acuerdo a los \u00faltimos reportes, aument\u00f3 a 181 el n\u00famero de personas evacuadas (62 familias, 106 mayores y 75 menores) y aument\u00f3 a 891 el n\u00famero de personas autoevacuadas (300 familias, 566 mayores y 325 menores) totalizando 1.072 personas desplazadas.<\/p>\n<p>La altura actual del r\u00edo Uruguay frente al Puerto de Salto es de 12,59 metros al momento de emitir este informe. Seg\u00fan las proyecciones del \u00c1rea de Hidrolog\u00eda de Salto Grande, se espera que la cota m\u00e1xima en el puerto de Salto no supere los 13,00 metros durante los pr\u00f3ximos d\u00edas.<\/p>\n<\/div>\n<div class=\"itemFullText\">\n<p>Cuando llegue el momento de planificar el retorno a los hogares, es fundamental recordar que existe un protocolo meticulosamente elaborado. Este incluye controles, autorizaciones, coordinaciones con entidades como Bomberos, UTE y MSP, as\u00ed como inspecciones para asegurar la estabilidad estructural y la reconexi\u00f3n segura del servicio el\u00e9ctrico. Adem\u00e1s, se llevar\u00e1n a cabo las labores de limpieza y desinfecci\u00f3n necesarias antes de permitir el reingreso a las viviendas.<\/p>\n<p>Mientras tanto, se continuar\u00e1 brindando atenci\u00f3n integral a las familias damnificadas, ofreciendo alimentaci\u00f3n y atenci\u00f3n sanitaria.<\/p>\n<p>Para contactarse con el CECOED, pueden comunicarse a trav\u00e9s del tel\u00e9fono 47327359 o por WhatsApp al 099 38 38 07.<\/p>\n<p>Se recomienda encarecidamente abstenerse de ba\u00f1arse en el r\u00edo y de realizar cualquier tipo de deporte acu\u00e1tico, dada la situaci\u00f3n de alto riesgo que presenta.<\/p>\n<p>Comit\u00e9 Departamental de Emergencias<\/p>\n<\/div>\n<\/div>\n","protected":false},"excerpt":{"rendered":"<p>En relaci\u00f3n a la creciente del r\u00edo Uruguay, el CECOED informa lo siguiente: De acuerdo a los \u00faltimos reportes, aument\u00f3 a 181 el n\u00famero de&#8230;<\/p>\n","protected":false},"author":2,"featured_media":8704,"comment_status":"open","ping_status":"closed","sticky":false,"template":"","format":"standard","meta":[],"categories":[18,8],"tags":[],"_links":{"self":[{"href":"https:\/\/delparquefm.com\/press\/wp-json\/wp\/v2\/posts\/8702"}],"collection":[{"href":"https:\/\/delparquefm.com\/press\/wp-json\/wp\/v2\/posts"}],"about":[{"href":"https:\/\/delparquefm.com\/press\/wp-json\/wp\/v2\/types\/post"}],"author":[{"embeddable":true,"href":"https:\/\/delparquefm.com\/press\/wp-json\/wp\/v2\/users\/2"}],"replies":[{"embeddable":true,"href":"https:\/\/delparquefm.com\/press\/wp-json\/wp\/v2\/comments?post=8702"}],"version-history":[{"count":1,"href":"https:\/\/delparquefm.com\/press\/wp-json\/wp\/v2\/posts\/8702\/revisions"}],"predecessor-version":[{"id":8703,"href":"https:\/\/delparquefm.com\/press\/wp-json\/wp\/v2\/posts\/8702\/revisions\/8703"}],"wp:featuredmedia":[{"embeddable":true,"href":"https:\/\/delparquefm.com\/press\/wp-json\/wp\/v2\/media\/8704"}],"wp:attachment":[{"href":"https:\/\/delparquefm.com\/press\/wp-json\/wp\/v2\/media?parent=8702"}],"wp:term":[{"taxonomy":"category","embeddable":true,"href":"https:\/\/delparquefm.com\/press\/wp-json\/wp\/v2\/categories?post=8702"},{"taxonomy":"post_tag","embeddable":true,"href":"https:\/\/delparquefm.com\/press\/wp-json\/wp\/v2\/tags?post=8702"}],"curies":[{"name":"wp","href":"https:\/\/api.w.org\/{rel}","templated":true}]}}