{"id":8692,"date":"2023-11-11T07:17:14","date_gmt":"2023-11-11T10:17:14","guid":{"rendered":"https:\/\/delparquefm.com\/press\/?p=8692"},"modified":"2023-11-11T07:17:14","modified_gmt":"2023-11-11T10:17:14","slug":"representantes-politicos-lamentaron-el-fallecimiento-de-astori-y-destacaron-su-figura","status":"publish","type":"post","link":"https:\/\/delparquefm.com\/press\/representantes-politicos-lamentaron-el-fallecimiento-de-astori-y-destacaron-su-figura\/","title":{"rendered":"Representantes pol\u00edticos lamentaron el fallecimiento de Astori y destacaron su figura"},"content":{"rendered":"<p><strong>\u00abFue protagonista de la pol\u00edtica nacional durante muchos a\u00f1os. A veces coincidimos, casi siempre discrepamos\u00bb, dijo Lacalle Pou<\/strong><\/p>\n<p>Tras el fallecimiento del exvicepresidente y exministro de Econom\u00eda, Danilo Astori, distintas figuras pol\u00edticas lo recordaron en las redes sociales.<\/p>\n<p>\u00abDanilo Astori fue protagonista de la pol\u00edtica nacional durante muchos a\u00f1os. A veces coincidimos, casi siempre discrepamos. Que importante es tener adversarios pol\u00edticos que uno respete\u00bb, dijo el presidente Luis Lacalle Pou en su cuenta de X.<\/p>\n<blockquote class=\"twitter-tweet\" data-width=\"550\" data-dnt=\"true\">\n<p lang=\"es\" dir=\"ltr\">Danilo Astori fue protagonista de la pol\u00edtica nacional durante muchos a\u00f1os. A veces coincidimos, casi siempre discrepamos. Que importante es tener adversarios pol\u00edticos que uno respete. Mi p\u00e9same a su familia y a militantes y dirigentes del <a href=\"https:\/\/twitter.com\/Frente_Amplio?ref_src=twsrc%5Etfw\">@Frente_Amplio<\/a> . QEPD.<\/p>\n<p>&mdash; Luis Lacalle Pou (@LuisLacallePou) <a href=\"https:\/\/twitter.com\/LuisLacallePou\/status\/1723003614157787394?ref_src=twsrc%5Etfw\">November 10, 2023<\/a><\/p><\/blockquote>\n<p><script async src=\"https:\/\/platform.twitter.com\/widgets.js\" charset=\"utf-8\"><\/script><\/p>\n<p>Por su parte, la intendenta de Montevideo, Carolina Cosse, lament\u00f3 su fallecimiento y anunci\u00f3 que suspender\u00e1 la actividad de este viernes en la que iba a lanzar su precandidatura.<\/p>\n<p>\u00abHoy es un d\u00eda de dolor para las y los frenteamplistas y el Uruguay todo. Nos uniremos en un gran abrazo en honor a nuestro gran Danilo Astori, compa\u00f1ero de siempre. Suspendemos la actividad que ten\u00edamos planificada en el Club Cord\u00f3n\u00bb.<\/p>\n<blockquote class=\"twitter-tweet\" data-width=\"550\" data-dnt=\"true\">\n<p lang=\"es\" dir=\"ltr\">Hoy es un d\u00eda de dolor para las y los frenteamplistas y el Uruguay todo. Nos uniremos en un gran abrazo en honor a nuestro gran Danilo Astori, compa\u00f1ero de siempre. Suspendemos la actividad que ten\u00edamos planificada en el Club Cord\u00f3n. <a href=\"https:\/\/t.co\/HNcvzowezG\">pic.twitter.com\/HNcvzowezG<\/a><\/p>\n<p>&mdash; Carolina Cosse (@CosseCarolina) <a href=\"https:\/\/twitter.com\/CosseCarolina\/status\/1723003488601313557?ref_src=twsrc%5Etfw\">November 10, 2023<\/a><\/p><\/blockquote>\n<p><script async src=\"https:\/\/platform.twitter.com\/widgets.js\" charset=\"utf-8\"><\/script><\/p>\n<p>La vicepresidenta Beatriz Argim\u00f3n, lament\u00f3 el fallecimiento y le envi\u00f3 un saludo a a su familia, amigos y compa\u00f1eros de Asamblea Uruguay y el Frente Amplio<\/p>\n<blockquote class=\"twitter-tweet\" data-width=\"550\" data-dnt=\"true\">\n<p lang=\"es\" dir=\"ltr\">Lamento profundamente el fallecimiento del ex Vicepresidente de la Rep\u00fablica Danilo Astori. Un apretado abrazo a su familia, amigos y compa\u00f1eros de <a href=\"https:\/\/twitter.com\/AsambleaUruguay?ref_src=twsrc%5Etfw\">@AsambleaUruguay<\/a> y el <a href=\"https:\/\/twitter.com\/Frente_Amplio?ref_src=twsrc%5Etfw\">@Frente_Amplio<\/a> todo. QEPD <a href=\"https:\/\/t.co\/F4vEj80xr7\">pic.twitter.com\/F4vEj80xr7<\/a><\/p>\n<p>&mdash; Beatriz Argim\u00f3n (@beatrizargimon) <a href=\"https:\/\/twitter.com\/beatrizargimon\/status\/1723004180107862098?ref_src=twsrc%5Etfw\">November 10, 2023<\/a><\/p><\/blockquote>\n<p><script async src=\"https:\/\/platform.twitter.com\/widgets.js\" charset=\"utf-8\"><\/script><\/p>\n<p>El intendente de Canelones, Yamand\u00fa Orsi, tambi\u00e9n public\u00f3 en su cuenta: \u00abCompa\u00f1ero de todas las horas, gracias y hasta siempre\u00bb.<\/p>\n<p>La senadora frenteamplista Liliam Kechichian public\u00f3: \u00abHasta siempre querido y respetado Danilo!!! Enorme constructor del Uruguay progresista!!!!\u00bb<\/p>\n<p>Por su parte, el secretario de Presidencia, \u00c1lvaro Delgado, lament\u00f3 el fallecimiento y salud\u00f3 \u00aba sus seres queridos, a su fuerza pol\u00edtica Frente Amplio y a su sector Asamblea Uruguay\u00bb.<\/p>\n<p>El ministro y l\u00edder del Partido Independiente, Pablo Mieres, public\u00f3 en cuenta de X: \u00abLamento mucho el fallecimiento de Danilo Astori, un gran servidor p\u00fablico que aport\u00f3 mucho a nuestro pa\u00eds. Todos lo recordaremos con particular sentimiento y valoraci\u00f3n. Un afectuoso saludo a su familia, amigos y compa\u00f1eros pol\u00edticos del Frente Amplio\u00bb.<\/p>\n<p>El precandidato del Partido Colorado, Robert Silva, valor\u00f3 sus aportes y \u00absu honestidad para reconocer distintos episodios de la vida nacional desde lugares de actuaci\u00f3n pol\u00edtica destacada\u00bb.<\/p>\n<p>El senador y l\u00edder de Cabildo Abierto destac\u00f3 el \u00abpapel protag\u00f3nico en la pol\u00edtica uruguaya de los \u00faltimos tiempos\u00bb de Astori y envi\u00f3 sus condolencias a sus familiares, amigos y a su fuerza pol\u00edtica.<\/p>\n<p>Tambi\u00e9n se expres\u00f3 el Frente Amplio: \u00abDanilo, forjador de unidad y pilar fundamental de las trasformaciones del Uruguay. Siempre estar\u00e1s con nosotros compa\u00f1ero\u00bb.<\/p>\n<blockquote class=\"twitter-tweet\" data-width=\"550\" data-dnt=\"true\">\n<p lang=\"es\" dir=\"ltr\">Danilo, forjador de unidad y pilar fundamental de las trasformaciones del Uruguay<\/p>\n<p>Siempre estar\u00e1s con nosotros compa\u00f1ero. <a href=\"https:\/\/t.co\/oFrG9Dkpxi\">pic.twitter.com\/oFrG9Dkpxi<\/a><\/p>\n<p>&mdash; Frente Amplio (@Frente_Amplio) <a href=\"https:\/\/twitter.com\/Frente_Amplio\/status\/1723002837179810069?ref_src=twsrc%5Etfw\">November 10, 2023<\/a><\/p><\/blockquote>\n<p><script async src=\"https:\/\/platform.twitter.com\/widgets.js\" charset=\"utf-8\"><\/script><\/p>\n<p>El ministro de Trabajo, Pablo Mieres, lament\u00f3 el fallecimiento: \u201cera una figura brillante de una enorme inteligencia y de una gran capacidad de aporte y de generosidad. El pa\u00eds le debe mucho; se va a extra\u00f1ar\u201d. Manifesst\u00f3 el \u00abenorme placer de conocerlo y tratarlo\u00bb y dijo que \u00abnunca fue impulsor de la grieta\u00bb.<\/p>\n<p>El senador de Cabildo Abierto Guillermo Domenech dijo que lo conoci\u00f3 cuando era vicepresidente, ya que \u00e9l es escribano y tuvo trato con \u00e9l por su profesi\u00f3n. \u00abTengo el mejor recuerdo como persona; aparte de su natural elegancia, yo lo definir\u00eda como un caballero; \u00e9l sab\u00eda que yo no era militante de su partido. Generaba empat\u00eda\u00bb.<\/p>\n<p>\u00abUruguay pierde a una persona con gran talento y calidad humana. Se necesita personas as\u00ed en la pol\u00edtica\u00bb, manifest\u00f3.<\/p>\n<p><strong>Danilo Astori (1940-2023)<\/strong><\/p>\n<p>Astori fue ministro de Econom\u00eda en el primer gobierno del Frente Amplio (2005-2010) y en el tercero (2015-2020).<\/p>\n<p>Adem\u00e1s, fue vicepresidente de la Rep\u00fablica en el per\u00edodo 2010-2015.<\/p>\n<p>Fue precandidato presidencial en las elecciones internas del 28 de junio de 2009.<\/p>\n<p>En las elecciones de 2019 fue electo senador de la Rep\u00fablica, cargo que desempe\u00f1aba actualmente.<\/p>\n<p>Astori fue ministro de Econom\u00eda durante el primer y tercer gobierno del Frente Amplio (2005-2010 y 2015-2020).<\/p>\n<p>Adem\u00e1s, fue vicepresidente de la Rep\u00fablica en el per\u00edodo 2010-2015.<\/p>\n<p>En 2019 fue electo senador de la Rep\u00fablica, cargo que desempe\u00f1aba hasta 2022 cuando renunci\u00f3 por enfermedad.<\/p>\n<p>Astori, que padec\u00eda una insuficiencia respiratoria, se encontraba internado en el Casmu.<\/p>\n<p><iframe loading=\"lazy\" style=\"border: none; overflow: hidden;\" src=\"https:\/\/www.facebook.com\/plugins\/video.php?href=https%3A%2F%2Fwww.facebook.com%2F5noticiasuy%2Fvideos%2F2702890109861966%2F%3Fref%3Dembed_video&amp;show_text=0&amp;width=560\" width=\"560\" height=\"315\" frameborder=\"0\" scrolling=\"no\" allowfullscreen=\"allowfullscreen\" data-mce-fragment=\"1\"><\/iframe><\/p>\n<p>mediospublicos.uy . Foto (ERIC PIERMONT\/AFP v\u00eda Getty Images<\/p>\n","protected":false},"excerpt":{"rendered":"<p>\u00abFue protagonista de la pol\u00edtica nacional durante muchos a\u00f1os. A veces coincidimos, casi siempre discrepamos\u00bb, dijo Lacalle Pou Tras el fallecimiento del exvicepresidente y exministro&#8230;<\/p>\n","protected":false},"author":2,"featured_media":8698,"comment_status":"open","ping_status":"closed","sticky":false,"template":"","format":"standard","meta":[],"categories":[8,12],"tags":[],"_links":{"self":[{"href":"https:\/\/delparquefm.com\/press\/wp-json\/wp\/v2\/posts\/8692"}],"collection":[{"href":"https:\/\/delparquefm.com\/press\/wp-json\/wp\/v2\/posts"}],"about":[{"href":"https:\/\/delparquefm.com\/press\/wp-json\/wp\/v2\/types\/post"}],"author":[{"embeddable":true,"href":"https:\/\/delparquefm.com\/press\/wp-json\/wp\/v2\/users\/2"}],"replies":[{"embeddable":true,"href":"https:\/\/delparquefm.com\/press\/wp-json\/wp\/v2\/comments?post=8692"}],"version-history":[{"count":1,"href":"https:\/\/delparquefm.com\/press\/wp-json\/wp\/v2\/posts\/8692\/revisions"}],"predecessor-version":[{"id":8697,"href":"https:\/\/delparquefm.com\/press\/wp-json\/wp\/v2\/posts\/8692\/revisions\/8697"}],"wp:featuredmedia":[{"embeddable":true,"href":"https:\/\/delparquefm.com\/press\/wp-json\/wp\/v2\/media\/8698"}],"wp:attachment":[{"href":"https:\/\/delparquefm.com\/press\/wp-json\/wp\/v2\/media?parent=8692"}],"wp:term":[{"taxonomy":"category","embeddable":true,"href":"https:\/\/delparquefm.com\/press\/wp-json\/wp\/v2\/categories?post=8692"},{"taxonomy":"post_tag","embeddable":true,"href":"https:\/\/delparquefm.com\/press\/wp-json\/wp\/v2\/tags?post=8692"}],"curies":[{"name":"wp","href":"https:\/\/api.w.org\/{rel}","templated":true}]}}