{"id":8689,"date":"2023-11-07T08:19:58","date_gmt":"2023-11-07T11:19:58","guid":{"rendered":"https:\/\/delparquefm.com\/press\/?p=8689"},"modified":"2023-11-07T08:19:58","modified_gmt":"2023-11-07T11:19:58","slug":"encuentro-multicultural-un-fin-de-semana-de-tradicion-y-cultural-fiesta-del-inmigrante-en-salto","status":"publish","type":"post","link":"https:\/\/delparquefm.com\/press\/encuentro-multicultural-un-fin-de-semana-de-tradicion-y-cultural-fiesta-del-inmigrante-en-salto\/","title":{"rendered":"Encuentro multicultural:  Un Fin de Semana de Tradici\u00f3n y Cultural \u201cFiesta del Inmigrante en Salto\u201d"},"content":{"rendered":"<p>Este fin de semana, se celebra la Fiesta Anual del Inmigrante, organizada por la Uni\u00f3n de Inmigrantes de Salto. Del 11 al 12 de noviembre, la ciudad se llenar\u00e1 de vida con una emocionante serie de actividades que enaltecer\u00e1n nuestra rica herencia multicultural.<\/p>\n<p>En el lanzamiento del evento participaron el coordinador de Cultura de la Intendencia de Salto, Pablo Ferreira Pinto y el director de Desarrollo Social, Regino L\u00f3pez.<\/p>\n<p>Recordando con gratitud a los primeros inmigrantes que arribaron por el puerto de Salto, la asociaci\u00f3n civil que los representa convoca a toda la comunidad a este evento anual que fortalece nuestra identidad cultural.<\/p>\n<p>El s\u00e1bado, la Plaza de los Treinta y Tres Orientales ser\u00e1 el epicentro de la celebraci\u00f3n. Contaremos con la participaci\u00f3n destacada de la Escuela Portugal, la Colectividad Italiana de Concordia, el grupo cultural Transitando Huellas bajo la direcci\u00f3n de Emilio Piantkosky, el Grupo Folcl\u00f3rico Argentino apoyado por el Consulado Argentino en Salto, un grupo de Danzas Espa\u00f1olas, el conjunto de acordeones dirigido por el profesor Silvio Previale y el cierre a cargo del Centro Cultural M\u00e1ximo Gorki.<\/p>\n<p>El domingo, a partir de las 19 horas, nos deleitar\u00e1n el Grupo Folcl\u00f3rico \u201cSembrando Tradiciones\u201d desde Bel\u00e9n y Villa Constituci\u00f3n, la Academia de Danzas Grupo Venezolanos de Concordia, el Grupo Brasilepo de Concordia, el Grupo Flamenco de Concordia, la presentaci\u00f3n de Luis Miguel Tango y la culminaci\u00f3n a cargo de Los Musiqueros del Fog\u00f3n.<\/p>\n<p>La entrada es libre y gratuita. Se invita a esta celebraci\u00f3n de la diversidad y la riqueza de nuestras tradiciones.<\/p>\n","protected":false},"excerpt":{"rendered":"<p>Este fin de semana, se celebra la Fiesta Anual del Inmigrante, organizada por la Uni\u00f3n de Inmigrantes de Salto. Del 11 al 12 de noviembre,&#8230;<\/p>\n","protected":false},"author":2,"featured_media":8691,"comment_status":"open","ping_status":"closed","sticky":false,"template":"","format":"standard","meta":[],"categories":[15,8],"tags":[],"_links":{"self":[{"href":"https:\/\/delparquefm.com\/press\/wp-json\/wp\/v2\/posts\/8689"}],"collection":[{"href":"https:\/\/delparquefm.com\/press\/wp-json\/wp\/v2\/posts"}],"about":[{"href":"https:\/\/delparquefm.com\/press\/wp-json\/wp\/v2\/types\/post"}],"author":[{"embeddable":true,"href":"https:\/\/delparquefm.com\/press\/wp-json\/wp\/v2\/users\/2"}],"replies":[{"embeddable":true,"href":"https:\/\/delparquefm.com\/press\/wp-json\/wp\/v2\/comments?post=8689"}],"version-history":[{"count":1,"href":"https:\/\/delparquefm.com\/press\/wp-json\/wp\/v2\/posts\/8689\/revisions"}],"predecessor-version":[{"id":8690,"href":"https:\/\/delparquefm.com\/press\/wp-json\/wp\/v2\/posts\/8689\/revisions\/8690"}],"wp:featuredmedia":[{"embeddable":true,"href":"https:\/\/delparquefm.com\/press\/wp-json\/wp\/v2\/media\/8691"}],"wp:attachment":[{"href":"https:\/\/delparquefm.com\/press\/wp-json\/wp\/v2\/media?parent=8689"}],"wp:term":[{"taxonomy":"category","embeddable":true,"href":"https:\/\/delparquefm.com\/press\/wp-json\/wp\/v2\/categories?post=8689"},{"taxonomy":"post_tag","embeddable":true,"href":"https:\/\/delparquefm.com\/press\/wp-json\/wp\/v2\/tags?post=8689"}],"curies":[{"name":"wp","href":"https:\/\/api.w.org\/{rel}","templated":true}]}}