{"id":8685,"date":"2023-11-07T08:17:56","date_gmt":"2023-11-07T11:17:56","guid":{"rendered":"https:\/\/delparquefm.com\/press\/?p=8685"},"modified":"2023-11-07T08:17:56","modified_gmt":"2023-11-07T11:17:56","slug":"informe-de-situacion-por-la-creciente-del-rio-uruguay-06-11-2023","status":"publish","type":"post","link":"https:\/\/delparquefm.com\/press\/informe-de-situacion-por-la-creciente-del-rio-uruguay-06-11-2023\/","title":{"rendered":"Informe de situaci\u00f3n por la creciente del R\u00edo Uruguay (06\/11\/2023)"},"content":{"rendered":"<div class=\"itemIntroText\">\n<p><em><strong>En relaci\u00f3n a la creciente del r\u00edo Uruguay, el CECOED informa lo siguiente:<\/strong><\/em><\/p>\n<p>Se ha reducido a 175 el n\u00famero de personas evacuadas (60 familias, 103 adultos y 72 menores), mientras que el n\u00famero de personas autoevacuadas ha aumentado a 831 (283 familias, 529 adultos y 302 menores), lo que da un total de 1006 personas desplazadas.<\/p>\n<p>La altura actual del r\u00edo Uruguay frente al Puerto de Salto es de 12,83 metros al momento de emitir este informe. Seg\u00fan las proyecciones del \u00c1rea de Hidrolog\u00eda de Salto Grande, se espera que la cota m\u00e1xima en el puerto de Salto no supere los 13,20 metros durante la jornada del martes y, en los pr\u00f3ximos d\u00edas, estar\u00e1 en el entorno de los 12,80 metros, sin que se descarte posteriormente, incrementos nuevamente hasta la cota de 13,20 metros.<\/p>\n<\/div>\n<div class=\"itemFullText\">\n<p>Desde el Comit\u00e9 Departamental de Emergencias, se informa que hasta que no se disponga del pr\u00f3ximo informe el d\u00eda jueves, no se autorizar\u00e1 el regreso de las familias a sus viviendas. Es crucial esperar el nuevo informe para tomar decisiones seguras y responsables.<\/p>\n<p>Cuando llegue el momento de planificar el retorno a los hogares, es fundamental recordar que existe un protocolo meticulosamente elaborado. Este incluye controles, autorizaciones, coordinaciones con entidades como Bomberos, UTE y MSP, as\u00ed como inspecciones para asegurar la estabilidad estructural y la reconexi\u00f3n segura del servicio el\u00e9ctrico. Adem\u00e1s, se llevar\u00e1n a cabo las labores de limpieza y desinfecci\u00f3n necesarias antes de permitir el reingreso a las viviendas.<\/p>\n<p>Mientras tanto, se continuar\u00e1 brindando atenci\u00f3n integral a las familias damnificadas, ofreciendo alimentaci\u00f3n y atenci\u00f3n sanitaria.<\/p>\n<p>Para contactarse con el CECOED, pueden comunicarse a trav\u00e9s del tel\u00e9fono 47327359 o por WhatsApp al 099 38 38 07.<\/p>\n<p>&nbsp;<\/p>\n<p>Comit\u00e9 Departamental de Emergencias<\/p>\n<\/div>\n","protected":false},"excerpt":{"rendered":"<p>En relaci\u00f3n a la creciente del r\u00edo Uruguay, el CECOED informa lo siguiente: Se ha reducido a 175 el n\u00famero de personas evacuadas (60 familias,&#8230;<\/p>\n","protected":false},"author":2,"featured_media":8687,"comment_status":"open","ping_status":"closed","sticky":false,"template":"","format":"standard","meta":[],"categories":[18,8],"tags":[],"_links":{"self":[{"href":"https:\/\/delparquefm.com\/press\/wp-json\/wp\/v2\/posts\/8685"}],"collection":[{"href":"https:\/\/delparquefm.com\/press\/wp-json\/wp\/v2\/posts"}],"about":[{"href":"https:\/\/delparquefm.com\/press\/wp-json\/wp\/v2\/types\/post"}],"author":[{"embeddable":true,"href":"https:\/\/delparquefm.com\/press\/wp-json\/wp\/v2\/users\/2"}],"replies":[{"embeddable":true,"href":"https:\/\/delparquefm.com\/press\/wp-json\/wp\/v2\/comments?post=8685"}],"version-history":[{"count":1,"href":"https:\/\/delparquefm.com\/press\/wp-json\/wp\/v2\/posts\/8685\/revisions"}],"predecessor-version":[{"id":8686,"href":"https:\/\/delparquefm.com\/press\/wp-json\/wp\/v2\/posts\/8685\/revisions\/8686"}],"wp:featuredmedia":[{"embeddable":true,"href":"https:\/\/delparquefm.com\/press\/wp-json\/wp\/v2\/media\/8687"}],"wp:attachment":[{"href":"https:\/\/delparquefm.com\/press\/wp-json\/wp\/v2\/media?parent=8685"}],"wp:term":[{"taxonomy":"category","embeddable":true,"href":"https:\/\/delparquefm.com\/press\/wp-json\/wp\/v2\/categories?post=8685"},{"taxonomy":"post_tag","embeddable":true,"href":"https:\/\/delparquefm.com\/press\/wp-json\/wp\/v2\/tags?post=8685"}],"curies":[{"name":"wp","href":"https:\/\/api.w.org\/{rel}","templated":true}]}}