{"id":8677,"date":"2023-11-06T08:59:01","date_gmt":"2023-11-06T11:59:01","guid":{"rendered":"https:\/\/delparquefm.com\/press\/?p=8677"},"modified":"2023-11-06T08:59:01","modified_gmt":"2023-11-06T11:59:01","slug":"informe-de-situacion-por-la-creciente-del-rio-uruguay-05-11-2023","status":"publish","type":"post","link":"https:\/\/delparquefm.com\/press\/informe-de-situacion-por-la-creciente-del-rio-uruguay-05-11-2023\/","title":{"rendered":"Informe de situaci\u00f3n por la creciente del R\u00edo Uruguay (05\/11\/2023)"},"content":{"rendered":"<p>En relaci\u00f3n a la creciente del r\u00edo Uruguay, desde el CECOED se informa que:<br \/>\nHasta las 17:00 horas de este domingo 5 de noviembre, se mantiene en 189 el n\u00famero de personas evacuadas (59 familias, 109 mayores y 80 menores) y en 802 el n\u00famero de personas autoevacuadas (274 familias, 509 mayores y 293 menores) totalizando 991 personas desplazadas.<\/p>\n<p>La altura actual del r\u00edo Uruguay frente al Puerto de Salto era de 13,34 metros al momento de emitir este informe. Seg\u00fan las proyecciones del \u00c1rea de Hidrolog\u00eda de Salto Grande, se espera que la cota m\u00e1xima en el puerto de Salto no supere los 13,60 metros durante la jornada del lunes y se mantenga en ese rango en los pr\u00f3ximos d\u00edas.<br \/>\nLas personas evacuadas se encuentran alojadas en el Parque Harriague (Ex ZOO), en la Capilla Santa Filomena, en 8 de Octubre 1174 (Ex local de ERSA) y el Hogar del Adulto Mayor.<\/p>\n<p>El Comit\u00e9 Departamental de Emergencias lleva adelante la atenci\u00f3n integral a las familias damnificadas, brindando alimentaci\u00f3n y atenci\u00f3n sanitaria.<\/p>\n<p>Recordamos que las mudanzas se realizan \u00fanicamente en horario diurno, entre las 8 y las 19 horas.<\/p>\n<p>Aquellos que requieran asistencia o se encuentren en niveles de afectaci\u00f3n en sus viviendas, comunicarse con el CECOED a trav\u00e9s del tel\u00e9fono 47327359 o por WhatsApp al 099383807.<\/p>\n<p>Se recomienda encarecidamente abstenerse de ba\u00f1arse en el r\u00edo y de realizar cualquier tipo de deporte acu\u00e1tico, dada la situaci\u00f3n de alto riesgo que presenta.<\/p>\n<p>Solicitamos la colaboraci\u00f3n de la poblaci\u00f3n ante la situaci\u00f3n excepcional de calles cerradas en la ciudad, especialmente en zonas de alto tr\u00e1fico, lo que sin duda afecta al tr\u00e1nsito local. Por lo tanto, pedimos que se respeten las se\u00f1ales y se est\u00e9 atento a los cambios.<\/p>\n<p>Comit\u00e9 Departamental de Emergencias<\/p>\n","protected":false},"excerpt":{"rendered":"<p>En relaci\u00f3n a la creciente del r\u00edo Uruguay, desde el CECOED se informa que: Hasta las 17:00 horas de este domingo 5 de noviembre, se&#8230;<\/p>\n","protected":false},"author":2,"featured_media":8679,"comment_status":"open","ping_status":"closed","sticky":false,"template":"","format":"standard","meta":[],"categories":[18,8],"tags":[],"_links":{"self":[{"href":"https:\/\/delparquefm.com\/press\/wp-json\/wp\/v2\/posts\/8677"}],"collection":[{"href":"https:\/\/delparquefm.com\/press\/wp-json\/wp\/v2\/posts"}],"about":[{"href":"https:\/\/delparquefm.com\/press\/wp-json\/wp\/v2\/types\/post"}],"author":[{"embeddable":true,"href":"https:\/\/delparquefm.com\/press\/wp-json\/wp\/v2\/users\/2"}],"replies":[{"embeddable":true,"href":"https:\/\/delparquefm.com\/press\/wp-json\/wp\/v2\/comments?post=8677"}],"version-history":[{"count":1,"href":"https:\/\/delparquefm.com\/press\/wp-json\/wp\/v2\/posts\/8677\/revisions"}],"predecessor-version":[{"id":8678,"href":"https:\/\/delparquefm.com\/press\/wp-json\/wp\/v2\/posts\/8677\/revisions\/8678"}],"wp:featuredmedia":[{"embeddable":true,"href":"https:\/\/delparquefm.com\/press\/wp-json\/wp\/v2\/media\/8679"}],"wp:attachment":[{"href":"https:\/\/delparquefm.com\/press\/wp-json\/wp\/v2\/media?parent=8677"}],"wp:term":[{"taxonomy":"category","embeddable":true,"href":"https:\/\/delparquefm.com\/press\/wp-json\/wp\/v2\/categories?post=8677"},{"taxonomy":"post_tag","embeddable":true,"href":"https:\/\/delparquefm.com\/press\/wp-json\/wp\/v2\/tags?post=8677"}],"curies":[{"name":"wp","href":"https:\/\/api.w.org\/{rel}","templated":true}]}}