{"id":8674,"date":"2023-11-06T08:55:32","date_gmt":"2023-11-06T11:55:32","guid":{"rendered":"https:\/\/delparquefm.com\/press\/?p=8674"},"modified":"2023-11-06T08:55:32","modified_gmt":"2023-11-06T11:55:32","slug":"auf-anuncio-los-precios-de-las-entradas-para-el-partido-con-bolivia-por-eliminatorias","status":"publish","type":"post","link":"https:\/\/delparquefm.com\/press\/auf-anuncio-los-precios-de-las-entradas-para-el-partido-con-bolivia-por-eliminatorias\/","title":{"rendered":"AUF anunci\u00f3 los precios de las entradas para el partido con Bolivia por Eliminatorias"},"content":{"rendered":"<p><em><strong>Se mantienen los precios de las cabeceras y la Ol\u00edmpica y baja el de la Am\u00e9rica; Las generales van de los 870 a los 2900 y habr\u00e1 preventa y descuentos para quienes compren con BROU recompensa<\/strong><\/em><\/p>\n<p>El lunes 6 y martes 7 la venta ser\u00e1 exclusiva para quienes posean la tarjeta BROU Recompensa, que adem\u00e1s tendr\u00e1n un 20% de descuento. El mi\u00e9rcoles 8 se abrir\u00e1 la venta al p\u00fablico en general.<\/p>\n<p>Las entradas se vender\u00e1n de forma digital a trav\u00e9s de auftickets.uy y presencial en los locales de Abitab.<\/p>\n<p>Las generales van de los 870 a los 2900 pesos, mientras que los visitantes pagar\u00e1n 150 d\u00f3lares.<\/p>\n<p><img loading=\"lazy\" class=\"size-full aligncenter\" src=\"https:\/\/mediospublicos.uy\/wp-content\/uploads\/1-253-380x475.jpg\" width=\"380\" height=\"475\" \/><\/p>\n<p>www.mediospublicos.uy \u2013 Foto: Javier Calvelo \/adhocFotos<\/p>\n","protected":false},"excerpt":{"rendered":"<p>Se mantienen los precios de las cabeceras y la Ol\u00edmpica y baja el de la Am\u00e9rica; Las generales van de los 870 a los 2900&#8230;<\/p>\n","protected":false},"author":2,"featured_media":8676,"comment_status":"open","ping_status":"closed","sticky":false,"template":"","format":"standard","meta":[],"categories":[14,8],"tags":[],"_links":{"self":[{"href":"https:\/\/delparquefm.com\/press\/wp-json\/wp\/v2\/posts\/8674"}],"collection":[{"href":"https:\/\/delparquefm.com\/press\/wp-json\/wp\/v2\/posts"}],"about":[{"href":"https:\/\/delparquefm.com\/press\/wp-json\/wp\/v2\/types\/post"}],"author":[{"embeddable":true,"href":"https:\/\/delparquefm.com\/press\/wp-json\/wp\/v2\/users\/2"}],"replies":[{"embeddable":true,"href":"https:\/\/delparquefm.com\/press\/wp-json\/wp\/v2\/comments?post=8674"}],"version-history":[{"count":1,"href":"https:\/\/delparquefm.com\/press\/wp-json\/wp\/v2\/posts\/8674\/revisions"}],"predecessor-version":[{"id":8675,"href":"https:\/\/delparquefm.com\/press\/wp-json\/wp\/v2\/posts\/8674\/revisions\/8675"}],"wp:featuredmedia":[{"embeddable":true,"href":"https:\/\/delparquefm.com\/press\/wp-json\/wp\/v2\/media\/8676"}],"wp:attachment":[{"href":"https:\/\/delparquefm.com\/press\/wp-json\/wp\/v2\/media?parent=8674"}],"wp:term":[{"taxonomy":"category","embeddable":true,"href":"https:\/\/delparquefm.com\/press\/wp-json\/wp\/v2\/categories?post=8674"},{"taxonomy":"post_tag","embeddable":true,"href":"https:\/\/delparquefm.com\/press\/wp-json\/wp\/v2\/tags?post=8674"}],"curies":[{"name":"wp","href":"https:\/\/api.w.org\/{rel}","templated":true}]}}