{"id":8670,"date":"2023-11-06T08:53:59","date_gmt":"2023-11-06T11:53:59","guid":{"rendered":"https:\/\/delparquefm.com\/press\/?p=8670"},"modified":"2023-11-06T08:53:59","modified_gmt":"2023-11-06T11:53:59","slug":"delgado-dijo-estar-sorprendido-y-preocupado-por-la-suspicacia-del-fa-sobre-el-vinculo-del-narcotrafico-y-la-politica-del-uruguay","status":"publish","type":"post","link":"https:\/\/delparquefm.com\/press\/delgado-dijo-estar-sorprendido-y-preocupado-por-la-suspicacia-del-fa-sobre-el-vinculo-del-narcotrafico-y-la-politica-del-uruguay\/","title":{"rendered":"Delgado dijo estar \u201csorprendido y preocupado por la suspicacia\u201d del FA \u201csobre el v\u00ednculo del narcotr\u00e1fico y la pol\u00edtica del Uruguay\u201d"},"content":{"rendered":"<p><em><strong>El presidente del FA se\u00f1al\u00f3 que Uruguay no puede permitir \u201cque el narcotr\u00e1fico se meta en la pol\u00edtica\u201d.<\/strong><\/em><\/p>\n<p>El secretario de la Presidencia y precandidato presidencial por el Partido Nacional, \u00c1lvaro Delgado, dijo estar \u201csorprendido\u201d por las declaraciones del Frente Amplio (FA) sobre las recientes derivaciones del denominado \u201ccaso Marset\u201d, que comenz\u00f3 con el otorgamiento del pasaporte al narcotraficante Sebasti\u00e1n Marset y llev\u00f3 en los \u00faltimas d\u00edas a las renuncias del canciller, del ministro del Interior y el subsecretario de esa cartera.<\/p>\n<p>En la noche del domingo, el presidente del FA, Fernando Pereira, valor\u00f3 como \u201cpositivas\u201d las renuncias de los ministros Francisco Bustillo y Luis Alberto Heber en el marco del caso Marset porque \u201cquitan del gobierno a gente que claramente actu\u00f3 al margen de una actuaci\u00f3n p\u00fablica adecuada\u201d. Sin embargo, remarc\u00f3 que no era lo que hab\u00eda pedido la coalici\u00f3n de izquierdas: \u201cPedimos la destituci\u00f3n\u201d.<\/p>\n<p>Sobre el tema de fondo, contradijo a los integrantes del gobierno que afirman que el pasaporte uruguayo se deb\u00eda entregar a Marset porque as\u00ed lo determinaba la ley. \u201cEstamos muy preocupados porque se afirma que el pasaporte aunque sea a un narco hab\u00eda que d\u00e1rselo. Los gobiernos tienen discrecionalidad de dar o no dar los pasaportes\u201d, expres\u00f3 Pereira.<\/p>\n<p>Con esto, se\u00f1al\u00f3 que Uruguay no puede permitir \u201cque el narcotr\u00e1fico se meta en la pol\u00edtica\u201d. \u201cNo hay dudas de que hay que tener una ley de financiamiento de los partidos pol\u00edticos, y quien la est\u00e9 trabando tendr\u00e1 que dar explicaciones\u201d, dijo, y\u00a0 adem\u00e1s pidi\u00f3 legislar en materia de transparencia.<\/p>\n<p>Frente a este escenario, Delgado, quien estuvo el s\u00e1bado a la noche junto al presidente de la Rep\u00fablica, Luis Lacalle Pou, en la conferencia de prensa en Torre Ejecutiva para anunciar las renuncias y nuevas designaciones, critic\u00f3 la mirada del FA sobre el tema.<\/p>\n<p>\u201cSorprendido y preocupado por la suspicacia del Frente Amplio sobre el v\u00ednculo del narcotr\u00e1fico y la pol\u00edtica del Uruguay\u201d, afirm\u00f3 Delgado en un mensaje escrito en su cuenta de Twitter.<\/p>\n<blockquote class=\"twitter-tweet\" data-width=\"550\" data-dnt=\"true\">\n<p lang=\"es\" dir=\"ltr\">Sorprendido y preocupado por la suspicacia del Frente Amplio sobre el v\u00ednculo del narcotr\u00e1fico y la pol\u00edtica del Uruguay. No vale todo.<\/p>\n<p>&mdash; Alvaro Delgado (@AlvaroDelgadoUy) <a href=\"https:\/\/twitter.com\/AlvaroDelgadoUy\/status\/1721311320589414519?ref_src=twsrc%5Etfw\">November 5, 2023<\/a><\/p><\/blockquote>\n<p><script async src=\"https:\/\/platform.twitter.com\/widgets.js\" charset=\"utf-8\"><\/script><\/p>\n<p>\u201cNo vale todo\u201d, agreg\u00f3 el tambi\u00e9n precandidato presidencial.<\/p>\n<p>www.teledoce.com \u2013 FOTO: focouy<\/p>\n","protected":false},"excerpt":{"rendered":"<p>El presidente del FA se\u00f1al\u00f3 que Uruguay no puede permitir \u201cque el narcotr\u00e1fico se meta en la pol\u00edtica\u201d. El secretario de la Presidencia y precandidato&#8230;<\/p>\n","protected":false},"author":2,"featured_media":8673,"comment_status":"open","ping_status":"closed","sticky":false,"template":"","format":"standard","meta":[],"categories":[1],"tags":[],"_links":{"self":[{"href":"https:\/\/delparquefm.com\/press\/wp-json\/wp\/v2\/posts\/8670"}],"collection":[{"href":"https:\/\/delparquefm.com\/press\/wp-json\/wp\/v2\/posts"}],"about":[{"href":"https:\/\/delparquefm.com\/press\/wp-json\/wp\/v2\/types\/post"}],"author":[{"embeddable":true,"href":"https:\/\/delparquefm.com\/press\/wp-json\/wp\/v2\/users\/2"}],"replies":[{"embeddable":true,"href":"https:\/\/delparquefm.com\/press\/wp-json\/wp\/v2\/comments?post=8670"}],"version-history":[{"count":1,"href":"https:\/\/delparquefm.com\/press\/wp-json\/wp\/v2\/posts\/8670\/revisions"}],"predecessor-version":[{"id":8672,"href":"https:\/\/delparquefm.com\/press\/wp-json\/wp\/v2\/posts\/8670\/revisions\/8672"}],"wp:featuredmedia":[{"embeddable":true,"href":"https:\/\/delparquefm.com\/press\/wp-json\/wp\/v2\/media\/8673"}],"wp:attachment":[{"href":"https:\/\/delparquefm.com\/press\/wp-json\/wp\/v2\/media?parent=8670"}],"wp:term":[{"taxonomy":"category","embeddable":true,"href":"https:\/\/delparquefm.com\/press\/wp-json\/wp\/v2\/categories?post=8670"},{"taxonomy":"post_tag","embeddable":true,"href":"https:\/\/delparquefm.com\/press\/wp-json\/wp\/v2\/tags?post=8670"}],"curies":[{"name":"wp","href":"https:\/\/api.w.org\/{rel}","templated":true}]}}