{"id":8667,"date":"2023-11-06T08:51:57","date_gmt":"2023-11-06T11:51:57","guid":{"rendered":"https:\/\/delparquefm.com\/press\/?p=8667"},"modified":"2023-11-06T08:51:57","modified_gmt":"2023-11-06T11:51:57","slug":"este-lunes-se-concretan-los-cambios-en-el-gabinete-heber-y-maciel-daran-una-conferencia-de-prensa-antes-de-abandonar-interior","status":"publish","type":"post","link":"https:\/\/delparquefm.com\/press\/este-lunes-se-concretan-los-cambios-en-el-gabinete-heber-y-maciel-daran-una-conferencia-de-prensa-antes-de-abandonar-interior\/","title":{"rendered":"Este lunes se concretan los cambios en el gabinete; Heber y Maciel dar\u00e1n una conferencia de prensa antes de abandonar Interior"},"content":{"rendered":"<p><em><strong>En todos los casos, no est\u00e1 previsto que haya actos protocolares para las asunciones de los nuevos jerarcas sino instancias estrictamente administrativas.<\/strong><\/em><\/p>\n<p>Este lunes se concretar\u00e1n los cambios en el gabinete del presidente Luis Lacalle Pou. Las modificaciones implican renuncias, arribos a Torre Ejecutiva y movimientos internos.<\/p>\n<p>Las recientes derivaciones del denominado \u201ccaso Marset\u201d, que comenz\u00f3 con el otorgamiento del pasaporte al narcotraficante Sebasti\u00e1n Marset y llev\u00f3 en los \u00faltimas d\u00edas a las renuncias del canciller, del ministro del Interior y el subsecretario de esa cartera, trajeron varios cambios al escenario pol\u00edtico y de gobierno.<\/p>\n<p>Por un lado, habr\u00e1 cambios en la c\u00fapula del Ministerio del Interior. Este lunes se har\u00e1n efectivas las renuncias del ministro Luis Alberto Heber y el subsecretario Guillermo Maciel.<\/p>\n<p>\u00bfQui\u00e9n ocupar\u00e1 la titularidad de Interior? Ser\u00e1 Nicol\u00e1s Martinelli, hasta ahora n\u00famero tres de esa cartera. Y el viceministro ser\u00e1 Pablo Abdala, quien recientemente renunci\u00f3 a la presidencia del\u00a0 Instituto del Ni\u00f1o y Adolescente del Uruguay (INAU).<\/p>\n<p>Seg\u00fan informaron este lunes desde el ministerio, Heber y Maciel ofrecer\u00e1n una conferencia de prensa conjunta en la sala de medios de la cartera a las 14:30 horas. Adem\u00e1s, se espera que Heber retome en los pr\u00f3ximos d\u00edas a su banco en el Senado.<\/p>\n<p>En tanto, tambi\u00e9n habr\u00e1 cambios en el Ministerio de Relaciones Exteriores. Tras la renuncia la semana pasada de Francisco Bustillo, su cargo pas\u00f3 a ser ocupado de forma interina por Diego Escuder. Pero desde este lunes, el canciller ser\u00e1 otro.<\/p>\n<p>Ese cargo ser\u00e1 asumido por Omar Paganini, actual ministro de Industria, Energ\u00eda y Miner\u00eda. En Industria, en tanto, la nueva ministra ser\u00e1 Elisa Facio, quien hasta ahora se desempe\u00f1aba como directora general de Secretar\u00eda del Ministerio de Industria, Energ\u00eda y Miner\u00eda.<\/p>\n<p>En todos los casos, no est\u00e1 previsto que haya actos protocolares para las asunciones de los nuevos jerarcas sino instancias estrictamente administrativas.<\/p>\n<p>www-teledoce.com \u2013\u00a0 FOTO: focouy<\/p>\n","protected":false},"excerpt":{"rendered":"<p>En todos los casos, no est\u00e1 previsto que haya actos protocolares para las asunciones de los nuevos jerarcas sino instancias estrictamente administrativas. Este lunes se&#8230;<\/p>\n","protected":false},"author":2,"featured_media":8669,"comment_status":"open","ping_status":"closed","sticky":false,"template":"","format":"standard","meta":[],"categories":[8,12],"tags":[],"_links":{"self":[{"href":"https:\/\/delparquefm.com\/press\/wp-json\/wp\/v2\/posts\/8667"}],"collection":[{"href":"https:\/\/delparquefm.com\/press\/wp-json\/wp\/v2\/posts"}],"about":[{"href":"https:\/\/delparquefm.com\/press\/wp-json\/wp\/v2\/types\/post"}],"author":[{"embeddable":true,"href":"https:\/\/delparquefm.com\/press\/wp-json\/wp\/v2\/users\/2"}],"replies":[{"embeddable":true,"href":"https:\/\/delparquefm.com\/press\/wp-json\/wp\/v2\/comments?post=8667"}],"version-history":[{"count":1,"href":"https:\/\/delparquefm.com\/press\/wp-json\/wp\/v2\/posts\/8667\/revisions"}],"predecessor-version":[{"id":8668,"href":"https:\/\/delparquefm.com\/press\/wp-json\/wp\/v2\/posts\/8667\/revisions\/8668"}],"wp:featuredmedia":[{"embeddable":true,"href":"https:\/\/delparquefm.com\/press\/wp-json\/wp\/v2\/media\/8669"}],"wp:attachment":[{"href":"https:\/\/delparquefm.com\/press\/wp-json\/wp\/v2\/media?parent=8667"}],"wp:term":[{"taxonomy":"category","embeddable":true,"href":"https:\/\/delparquefm.com\/press\/wp-json\/wp\/v2\/categories?post=8667"},{"taxonomy":"post_tag","embeddable":true,"href":"https:\/\/delparquefm.com\/press\/wp-json\/wp\/v2\/tags?post=8667"}],"curies":[{"name":"wp","href":"https:\/\/api.w.org\/{rel}","templated":true}]}}