{"id":8663,"date":"2023-11-06T08:49:02","date_gmt":"2023-11-06T11:49:02","guid":{"rendered":"https:\/\/delparquefm.com\/press\/?p=8663"},"modified":"2023-11-06T08:49:02","modified_gmt":"2023-11-06T11:49:02","slug":"el-presidente-esta-convencido-que-dio-vuelta-la-pagina-pero-la-pagina-recien-empieza-dijo-pereira-tras-reunion-del-fa-por-caso-marset","status":"publish","type":"post","link":"https:\/\/delparquefm.com\/press\/el-presidente-esta-convencido-que-dio-vuelta-la-pagina-pero-la-pagina-recien-empieza-dijo-pereira-tras-reunion-del-fa-por-caso-marset\/","title":{"rendered":"\u201cEl presidente est\u00e1 convencido que dio vuelta la p\u00e1gina, pero la p\u00e1gina reci\u00e9n empieza\u201d, dijo Pereira tras reuni\u00f3n del FA por caso Marset"},"content":{"rendered":"<h4 class=\"excerpt\"><em>\u201cLos gobiernos tienen discrecionalidad de dar o no dar los pasaportes\u201d, dijo Pereira.<\/em><\/h4>\n<p>&nbsp;<\/p>\n<p>El presidente del Frente Amplio, Fernando Pereira, valor\u00f3 como \u201cpositivas\u201d las renuncias de los ministros Francisco Bustillo y Luis Alberto Heber en el marco del denominado caso Marset porque\u00a0\u201cquitan del gobierno a gente que claramente actu\u00f3 al margen de una actuaci\u00f3n p\u00fablica adecuada\u201d. Sin embargo, remarc\u00f3 que no era lo que hab\u00eda pedido la coalici\u00f3n de izquierdas: \u201cPedimos la destituci\u00f3n\u201d.<\/p>\n<p>Pereira encabez\u00f3 este domingo una reuni\u00f3n del secretariado y las bancadas parlamentarias del Frente Amplio luego de un s\u00e1bado agitado con cambios en el gabinete y conferencia de prensa del presidente Luis Lacalle Pou.<\/p>\n<p>\u201cEl presidente est\u00e1 convencido que dio vuelta la p\u00e1gina. La p\u00e1gina reci\u00e9n empieza (\u2026) Ni la sociedad uruguaya ni el Frente Amplio quedaron conformes con las palabras del presidente. Esper\u00e1bamos una mayor contundencia en cuanto a responsabilidades pol\u00edticas y que se asuma con modestia los errores que se cometieron\u201d, afirm\u00f3 Pereira.<\/p>\n<p>Pereira dijo que le \u201cllama la atenci\u00f3n\u201d que Lacalle \u201cdiga que no hubo irregularidades, que tiene confianza hasta que se fue de viaje y que acepte la renuncia\u201d. \u201cUna de las dos cosas est\u00e1 mal, o cumplieron con la ley y entonces no le acepta la renuncia o no cumplieron y les acepta la renuncia\u201d, consider\u00f3.<\/p>\n<p>Sobre el tema de fondo, contradijo a los integrantes del gobierno que afirman que el pasaporte uruguayo se deb\u00eda entregar a Sebasti\u00e1n Marset porque as\u00ed lo determinaba la ley.\u00a0\u201cEstamos muy preocupados porque se afirma que el pasaporte aunque sea a un narco hab\u00eda que d\u00e1rselo. Los gobiernos tienen discrecionalidad de dar o no dar los pasaportes\u201d, expres\u00f3 Pereira.<\/p>\n<p>\u201cVemos una sociedad que est\u00e1 molesta. Los uruguayos esperaban algo m\u00e1s que las renuncias. Esperaban que el presidente dijera qu\u00e9 pas\u00f3. Hasta ahora a ning\u00fan uruguayo le han explicado por qu\u00e9 dimos el pasaporte\u201d, cerr\u00f3.<\/p>\n<h4>Analizan acciones a futuro<\/h4>\n<p>Consultado por la prensa sobre qu\u00e9 medidas pensaba tomar el partido, Pereira dijo que \u201cno hay que ir m\u00e1s r\u00e1pido que la m\u00fasica\u201d y que eso se definir\u00e1 m\u00e1s adelante.<\/p>\n<p>\u201cEstuvimos viendo algunos instrumentos. Nos vamos a seguir reuniendo con ambas bancadas para ver los proyectos que vamos a impulsar y otras acciones parlamentarias\u201d, dijo.<\/p>\n<p>En otra respuesta hizo foco en la necesidad de aprobar el proyecto ya ingresado de financiamiento de los partidos pol\u00edticos.<\/p>\n<p>www.teledoce.com \u2013 FOTO: FocoUy<\/p>\n","protected":false},"excerpt":{"rendered":"<p>\u201cLos gobiernos tienen discrecionalidad de dar o no dar los pasaportes\u201d, dijo Pereira. &nbsp; El presidente del Frente Amplio, Fernando Pereira, valor\u00f3 como \u201cpositivas\u201d las&#8230;<\/p>\n","protected":false},"author":2,"featured_media":8665,"comment_status":"open","ping_status":"closed","sticky":false,"template":"","format":"standard","meta":[],"categories":[8,12],"tags":[],"_links":{"self":[{"href":"https:\/\/delparquefm.com\/press\/wp-json\/wp\/v2\/posts\/8663"}],"collection":[{"href":"https:\/\/delparquefm.com\/press\/wp-json\/wp\/v2\/posts"}],"about":[{"href":"https:\/\/delparquefm.com\/press\/wp-json\/wp\/v2\/types\/post"}],"author":[{"embeddable":true,"href":"https:\/\/delparquefm.com\/press\/wp-json\/wp\/v2\/users\/2"}],"replies":[{"embeddable":true,"href":"https:\/\/delparquefm.com\/press\/wp-json\/wp\/v2\/comments?post=8663"}],"version-history":[{"count":1,"href":"https:\/\/delparquefm.com\/press\/wp-json\/wp\/v2\/posts\/8663\/revisions"}],"predecessor-version":[{"id":8664,"href":"https:\/\/delparquefm.com\/press\/wp-json\/wp\/v2\/posts\/8663\/revisions\/8664"}],"wp:featuredmedia":[{"embeddable":true,"href":"https:\/\/delparquefm.com\/press\/wp-json\/wp\/v2\/media\/8665"}],"wp:attachment":[{"href":"https:\/\/delparquefm.com\/press\/wp-json\/wp\/v2\/media?parent=8663"}],"wp:term":[{"taxonomy":"category","embeddable":true,"href":"https:\/\/delparquefm.com\/press\/wp-json\/wp\/v2\/categories?post=8663"},{"taxonomy":"post_tag","embeddable":true,"href":"https:\/\/delparquefm.com\/press\/wp-json\/wp\/v2\/tags?post=8663"}],"curies":[{"name":"wp","href":"https:\/\/api.w.org\/{rel}","templated":true}]}}