{"id":8632,"date":"2023-11-01T08:03:49","date_gmt":"2023-11-01T11:03:49","guid":{"rendered":"https:\/\/delparquefm.com\/press\/?p=8632"},"modified":"2023-11-01T08:03:49","modified_gmt":"2023-11-01T11:03:49","slug":"luis-suarez-y-edinson-cavani-estan-en-la-lista-de-reservas-de-marcelo-bielsa","status":"publish","type":"post","link":"https:\/\/delparquefm.com\/press\/luis-suarez-y-edinson-cavani-estan-en-la-lista-de-reservas-de-marcelo-bielsa\/","title":{"rendered":"Luis Su\u00e1rez y Edinson Cavani est\u00e1n en la lista de reservas de Marcelo Bielsa"},"content":{"rendered":"<p><em><strong>Lo pudo confirmar MP Deportes del entorno de los propios jugadores<\/strong><\/em><\/p>\n<p>Luis Su\u00e1rez y Edinson Cavani est\u00e1n en la lista de reservas de Marcelo Bielsa para la doble fecha de Eliminatorias de noviembre ante Argentina y Bolivia.<\/p>\n<p>La noticia surgi\u00f3 en Brasil y Argentina y pudo ser confirmada por MP Deportes del entorno de los jugadores.<\/p>\n<p>Desde el entorno de Su\u00e1rez se asegur\u00f3 que recibi\u00f3 con agrado la noticia pero que \u00abes una reserva y no hay confirmaci\u00f3n\u00bb, por lo que prefieren \u00abser cautos y esperar\u00bb a la lista definitiva.<\/p>\n<p>Seg\u00fan la prensa brasile\u00f1a y argentina, Gremio y Boca ya tienen la notificaci\u00f3n de la AUF sobre la reserva.<\/p>\n<p>Los delanteros no visten la celeste desde el partido ante Ghana, el \u00faltimo del Mundial Qatar 2022.<\/p>\n<p>www.mediospublicos.uy \u2013 Foto: www.espn.com.uy<\/p>\n","protected":false},"excerpt":{"rendered":"<p>Lo pudo confirmar MP Deportes del entorno de los propios jugadores Luis Su\u00e1rez y Edinson Cavani est\u00e1n en la lista de reservas de Marcelo Bielsa&#8230;<\/p>\n","protected":false},"author":2,"featured_media":8634,"comment_status":"open","ping_status":"closed","sticky":false,"template":"","format":"standard","meta":[],"categories":[14,8],"tags":[],"_links":{"self":[{"href":"https:\/\/delparquefm.com\/press\/wp-json\/wp\/v2\/posts\/8632"}],"collection":[{"href":"https:\/\/delparquefm.com\/press\/wp-json\/wp\/v2\/posts"}],"about":[{"href":"https:\/\/delparquefm.com\/press\/wp-json\/wp\/v2\/types\/post"}],"author":[{"embeddable":true,"href":"https:\/\/delparquefm.com\/press\/wp-json\/wp\/v2\/users\/2"}],"replies":[{"embeddable":true,"href":"https:\/\/delparquefm.com\/press\/wp-json\/wp\/v2\/comments?post=8632"}],"version-history":[{"count":1,"href":"https:\/\/delparquefm.com\/press\/wp-json\/wp\/v2\/posts\/8632\/revisions"}],"predecessor-version":[{"id":8633,"href":"https:\/\/delparquefm.com\/press\/wp-json\/wp\/v2\/posts\/8632\/revisions\/8633"}],"wp:featuredmedia":[{"embeddable":true,"href":"https:\/\/delparquefm.com\/press\/wp-json\/wp\/v2\/media\/8634"}],"wp:attachment":[{"href":"https:\/\/delparquefm.com\/press\/wp-json\/wp\/v2\/media?parent=8632"}],"wp:term":[{"taxonomy":"category","embeddable":true,"href":"https:\/\/delparquefm.com\/press\/wp-json\/wp\/v2\/categories?post=8632"},{"taxonomy":"post_tag","embeddable":true,"href":"https:\/\/delparquefm.com\/press\/wp-json\/wp\/v2\/tags?post=8632"}],"curies":[{"name":"wp","href":"https:\/\/api.w.org\/{rel}","templated":true}]}}