{"id":8629,"date":"2023-11-01T07:58:33","date_gmt":"2023-11-01T10:58:33","guid":{"rendered":"https:\/\/delparquefm.com\/press\/?p=8629"},"modified":"2023-11-01T07:58:33","modified_gmt":"2023-11-01T10:58:33","slug":"informe-de-situacion-por-la-creciente-del-rio-uruguay-31-10-2023","status":"publish","type":"post","link":"https:\/\/delparquefm.com\/press\/informe-de-situacion-por-la-creciente-del-rio-uruguay-31-10-2023\/","title":{"rendered":"Informe de situaci\u00f3n por la creciente del R\u00edo Uruguay (31\/10\/2023)"},"content":{"rendered":"<div class=\"itemIntroText\">\n<p><em><strong>En relaci\u00f3n a la creciente del r\u00edo Uruguay, desde el CECOED se informa que:<\/strong><\/em><\/p>\n<p><em><strong>Hasta la hora 17.30 de este martes 31 de octubre, el n\u00famero de personas desplazadas en Salto era de 760, de las cuales 167 son evacuadas (57 familias) y 593 autoevacuadas (215 familias).<\/strong><\/em><\/p>\n<p>La altura del r\u00edo Uruguay frente al Puerto de Salto al momento de emitir este informe es de 13,74 metros. Seg\u00fan las proyecciones del \u00c1rea de Hidrolog\u00eda de Salto Grande, La cota m\u00e1xima en el puerto de Salto no superar\u00e1 los valores de 13,90 metros en la jornada del mi\u00e9rcoles y se mantendr\u00eda as\u00ed los pr\u00f3ximos d\u00edas.<\/p>\n<\/div>\n<div class=\"itemFullText\">\n<p>Las personas evacuadas se encuentran alojadas en el Parque Harriague (Ex ZOO), en la Capilla Santa Filomena, en 8 de Octubre 1174 (Ex local de ERSA) y el Hogar del Adulto Mayor.<\/p>\n<p>El Comit\u00e9 Departamental de Emergencias lleva adelante la atenci\u00f3n integral a las familias damnificadas, brindando alimentaci\u00f3n y atenci\u00f3n sanitaria.<\/p>\n<p>Recordamos que las mudanzas se realizan \u00fanicamente en horario diurno, entre las 8 y las 19 horas.<\/p>\n<p>Aquellos que requieran asistencia o se encuentren en niveles de afectaci\u00f3n en sus viviendas, comunicarse con el CECOED a trav\u00e9s del tel\u00e9fono 47327359 o por WhatsApp al 099383807.<\/p>\n<p>Se recomienda encarecidamente abstenerse de ba\u00f1arse en el r\u00edo y de realizar cualquier tipo de deporte acu\u00e1tico, dada la situaci\u00f3n de alto riesgo que presenta.<\/p>\n<p>Solicitamos la colaboraci\u00f3n de la poblaci\u00f3n ante la situaci\u00f3n excepcional de calles cerradas en la ciudad, especialmente en zonas de alto tr\u00e1fico, lo que sin duda afecta al tr\u00e1nsito local. Por lo tanto, pedimos que se respeten las se\u00f1ales y se est\u00e9 atento a los cambios.<\/p>\n<p>Comit\u00e9 Departamental de Emergencias<\/p>\n<\/div>\n","protected":false},"excerpt":{"rendered":"<p>En relaci\u00f3n a la creciente del r\u00edo Uruguay, desde el CECOED se informa que: Hasta la hora 17.30 de este martes 31 de octubre, el&#8230;<\/p>\n","protected":false},"author":2,"featured_media":8631,"comment_status":"open","ping_status":"closed","sticky":false,"template":"","format":"standard","meta":[],"categories":[18,8],"tags":[],"_links":{"self":[{"href":"https:\/\/delparquefm.com\/press\/wp-json\/wp\/v2\/posts\/8629"}],"collection":[{"href":"https:\/\/delparquefm.com\/press\/wp-json\/wp\/v2\/posts"}],"about":[{"href":"https:\/\/delparquefm.com\/press\/wp-json\/wp\/v2\/types\/post"}],"author":[{"embeddable":true,"href":"https:\/\/delparquefm.com\/press\/wp-json\/wp\/v2\/users\/2"}],"replies":[{"embeddable":true,"href":"https:\/\/delparquefm.com\/press\/wp-json\/wp\/v2\/comments?post=8629"}],"version-history":[{"count":1,"href":"https:\/\/delparquefm.com\/press\/wp-json\/wp\/v2\/posts\/8629\/revisions"}],"predecessor-version":[{"id":8630,"href":"https:\/\/delparquefm.com\/press\/wp-json\/wp\/v2\/posts\/8629\/revisions\/8630"}],"wp:featuredmedia":[{"embeddable":true,"href":"https:\/\/delparquefm.com\/press\/wp-json\/wp\/v2\/media\/8631"}],"wp:attachment":[{"href":"https:\/\/delparquefm.com\/press\/wp-json\/wp\/v2\/media?parent=8629"}],"wp:term":[{"taxonomy":"category","embeddable":true,"href":"https:\/\/delparquefm.com\/press\/wp-json\/wp\/v2\/categories?post=8629"},{"taxonomy":"post_tag","embeddable":true,"href":"https:\/\/delparquefm.com\/press\/wp-json\/wp\/v2\/tags?post=8629"}],"curies":[{"name":"wp","href":"https:\/\/api.w.org\/{rel}","templated":true}]}}