{"id":8623,"date":"2023-11-01T07:47:12","date_gmt":"2023-11-01T10:47:12","guid":{"rendered":"https:\/\/delparquefm.com\/press\/?p=8623"},"modified":"2023-11-01T07:47:12","modified_gmt":"2023-11-01T10:47:12","slug":"astori-internado-por-insuficiencia-respiratoria-y-con-fractura-de-cadera","status":"publish","type":"post","link":"https:\/\/delparquefm.com\/press\/astori-internado-por-insuficiencia-respiratoria-y-con-fractura-de-cadera\/","title":{"rendered":"Astori internado por insuficiencia respiratoria y con fractura de cadera"},"content":{"rendered":"<p><em><strong>Lo inform\u00f3 la diputada frenteamplista Claudia Hugo<\/strong><\/em><\/p>\n<p>El ex vicepresidente de la Rep\u00fablica, ministro y legislador frenteamplista Danilo Astori est\u00e1 internado con fractura de cadera, inform\u00f3 este martes su pareja, la diputada frenteamplista Claudia Hugo.<\/p>\n<p>Seg\u00fan public\u00f3 Hugo en su cuenta de X, Astori \u00abingres\u00f3 voluntariamente el lunes al Casmu, por una insuficiencia respiratoria, producto de una ca\u00edda anterior\u00bb.<\/p>\n<p>\u00abSe lo traslado preventivamente al CTI por 24 horas. Se le realizaron diferentes estudios que le diagnosticaron fractura de cadera, sin desplazamiento. En la valoraci\u00f3n complementaria se le realiz\u00f3 tomograf\u00eda que result\u00f3 normal. En el contexto de la internaci\u00f3n se le practic\u00f3 tambi\u00e9n una resonancia magn\u00e9tica nuclear (RNM) que mostr\u00f3 un microinfarto sin traducci\u00f3n cl\u00ednica relevante\u00bb.<\/p>\n<p>www.mediospublicos.uy \u2013 Foto: Ricardo Ant\u00fanez\/AdhocFotos<\/p>\n","protected":false},"excerpt":{"rendered":"<p>Lo inform\u00f3 la diputada frenteamplista Claudia Hugo El ex vicepresidente de la Rep\u00fablica, ministro y legislador frenteamplista Danilo Astori est\u00e1 internado con fractura de cadera,&#8230;<\/p>\n","protected":false},"author":2,"featured_media":8625,"comment_status":"open","ping_status":"closed","sticky":false,"template":"","format":"standard","meta":[],"categories":[1],"tags":[],"_links":{"self":[{"href":"https:\/\/delparquefm.com\/press\/wp-json\/wp\/v2\/posts\/8623"}],"collection":[{"href":"https:\/\/delparquefm.com\/press\/wp-json\/wp\/v2\/posts"}],"about":[{"href":"https:\/\/delparquefm.com\/press\/wp-json\/wp\/v2\/types\/post"}],"author":[{"embeddable":true,"href":"https:\/\/delparquefm.com\/press\/wp-json\/wp\/v2\/users\/2"}],"replies":[{"embeddable":true,"href":"https:\/\/delparquefm.com\/press\/wp-json\/wp\/v2\/comments?post=8623"}],"version-history":[{"count":1,"href":"https:\/\/delparquefm.com\/press\/wp-json\/wp\/v2\/posts\/8623\/revisions"}],"predecessor-version":[{"id":8624,"href":"https:\/\/delparquefm.com\/press\/wp-json\/wp\/v2\/posts\/8623\/revisions\/8624"}],"wp:featuredmedia":[{"embeddable":true,"href":"https:\/\/delparquefm.com\/press\/wp-json\/wp\/v2\/media\/8625"}],"wp:attachment":[{"href":"https:\/\/delparquefm.com\/press\/wp-json\/wp\/v2\/media?parent=8623"}],"wp:term":[{"taxonomy":"category","embeddable":true,"href":"https:\/\/delparquefm.com\/press\/wp-json\/wp\/v2\/categories?post=8623"},{"taxonomy":"post_tag","embeddable":true,"href":"https:\/\/delparquefm.com\/press\/wp-json\/wp\/v2\/tags?post=8623"}],"curies":[{"name":"wp","href":"https:\/\/api.w.org\/{rel}","templated":true}]}}