{"id":8588,"date":"2023-10-29T18:10:27","date_gmt":"2023-10-29T21:10:27","guid":{"rendered":"http:\/\/delparquefm.com\/press\/?p=8588"},"modified":"2023-10-29T18:10:27","modified_gmt":"2023-10-29T21:10:27","slug":"panamericanos-uruguay-cayo-1-0-frente-a-mexico-y-perdio-la-chance-de-pelear-por-medalla","status":"publish","type":"post","link":"https:\/\/delparquefm.com\/press\/panamericanos-uruguay-cayo-1-0-frente-a-mexico-y-perdio-la-chance-de-pelear-por-medalla\/","title":{"rendered":"Panamericanos: Uruguay cay\u00f3 1-0 frente a M\u00e9xico y perdi\u00f3 la chance de pelear por medalla"},"content":{"rendered":"<p><em><strong>Ettson Ay\u00f3n, cuando transcurr\u00edan 28 minutos, convirti\u00f3 la apertura para los Aztecas. La Celeste no logr\u00f3 el objetivo de avanzar a semis.<\/strong><\/em><\/p>\n<p>La selecci\u00f3n uruguaya sub-23 de f\u00fatbol qued\u00f3 eliminado de los Juegos Panamericanos de Chile, al caer 1-0 frente a M\u00e9xico en el estadio El\u00edas Figueroa, de Vi\u00f1a del Mar, por la \u00faltima fecha del grupo A. La Celeste no logr\u00f3 el objetivo de clasificar a semis y perdi\u00f3 la posibilidad de pelear por una medalla.<\/p>\n<p>A los 13 segundo del partido el \u00e1rbitro principal cobr\u00f3 penal a favor de M\u00e9xico, por una mano clar\u00edsima de Jairo O\u2019Neill dentro del \u00e1rea. Fidel Ambriz fue el encargado de ejecutar el mismo y Ramiro M\u00e9ndez tap\u00f3 el remate de gran manera.<\/p>\n<div id=\"Despliegue_1\"><\/div>\n<p>La Celeste respondi\u00f3 con un sorprendente disparo, a modo de aviso, de Diego Hern\u00e1ndez cuando transcurr\u00edan seis minutos.<\/p>\n<p>Los dirigidos por Diego Reyes manejaban los tiempos del partido e insist\u00edan atacando por ambas bandas. Tras insinuaciones de Juan Cruz de los Santos, de los m\u00e1s incisivos, el que intent\u00f3 por derecha fue Sebasti\u00e1n Figueredo a los 16\u2019, pero su tiro lo control\u00f3 sin problemas el arquero azteca.<\/p>\n<p>Cuando transcurr\u00edan 26 minutos, Manuel Monzeglio prob\u00f3 al arco de primera, desde afuera del \u00e1rea, a trav\u00e9s de un remate que se perdi\u00f3 apenas ancho. Un minuto m\u00e1s tarde cay\u00f3 la apertura luego de la gran jugada de Carrillo, que se la dej\u00f3 servida a Ettson Ay\u00f3n para que este abriera el marcador.<\/p>\n<div id=\"Despliegue_2\"><\/div>\n<p>Con el ingreso de Emiliano Rodr\u00edguez como referencia clara de ataque, los charr\u00faas ganaron peso ofensivo y r\u00e1pidamente, a los 51\u2019, tuvieron una chance clar\u00edsima por parte de De Los Santos, que tuvo un disparo que pas\u00f3 muy cerca.<\/p>\n<p>A los 56 minutos, Rodrigo Pi\u00f1eiro, con una gran acci\u00f3n individual, revent\u00f3 el travesa\u00f1o mediante un potente tiro que el golero de M\u00e9xico acompa\u00f1\u00f3 con la mirada. Uruguay continuaba buscando por el mismo recurso y reflejaba m\u00e9ritos para llegar al empate, si bien sufr\u00eda alg\u00fan intento de contragolpe rival. En el minuto 60, fue Vicente Poggi el que prob\u00f3 de afuera, pero tampoco tuvo suerte.<\/p>\n<div id=\"Despliegue_3\"><\/div>\n<p>Pese a alguna insinuaci\u00f3n y a tener el protagonismo del partido, la Celeste no encontr\u00f3 las herramientas adecuadas como para empatar el partido.<\/p>\n<p>F\u00fatbolUy. &#8211; <em>Foto: Photosport<\/em><\/p>\n<p>&nbsp;<\/p>\n","protected":false},"excerpt":{"rendered":"<p>Ettson Ay\u00f3n, cuando transcurr\u00edan 28 minutos, convirti\u00f3 la apertura para los Aztecas. La Celeste no logr\u00f3 el objetivo de avanzar a semis. La selecci\u00f3n uruguaya&#8230;<\/p>\n","protected":false},"author":2,"featured_media":8590,"comment_status":"open","ping_status":"closed","sticky":false,"template":"","format":"standard","meta":[],"categories":[14,8],"tags":[],"_links":{"self":[{"href":"https:\/\/delparquefm.com\/press\/wp-json\/wp\/v2\/posts\/8588"}],"collection":[{"href":"https:\/\/delparquefm.com\/press\/wp-json\/wp\/v2\/posts"}],"about":[{"href":"https:\/\/delparquefm.com\/press\/wp-json\/wp\/v2\/types\/post"}],"author":[{"embeddable":true,"href":"https:\/\/delparquefm.com\/press\/wp-json\/wp\/v2\/users\/2"}],"replies":[{"embeddable":true,"href":"https:\/\/delparquefm.com\/press\/wp-json\/wp\/v2\/comments?post=8588"}],"version-history":[{"count":1,"href":"https:\/\/delparquefm.com\/press\/wp-json\/wp\/v2\/posts\/8588\/revisions"}],"predecessor-version":[{"id":8589,"href":"https:\/\/delparquefm.com\/press\/wp-json\/wp\/v2\/posts\/8588\/revisions\/8589"}],"wp:featuredmedia":[{"embeddable":true,"href":"https:\/\/delparquefm.com\/press\/wp-json\/wp\/v2\/media\/8590"}],"wp:attachment":[{"href":"https:\/\/delparquefm.com\/press\/wp-json\/wp\/v2\/media?parent=8588"}],"wp:term":[{"taxonomy":"category","embeddable":true,"href":"https:\/\/delparquefm.com\/press\/wp-json\/wp\/v2\/categories?post=8588"},{"taxonomy":"post_tag","embeddable":true,"href":"https:\/\/delparquefm.com\/press\/wp-json\/wp\/v2\/tags?post=8588"}],"curies":[{"name":"wp","href":"https:\/\/api.w.org\/{rel}","templated":true}]}}