{"id":8577,"date":"2023-10-29T11:44:15","date_gmt":"2023-10-29T14:44:15","guid":{"rendered":"http:\/\/delparquefm.com\/press\/?p=8577"},"modified":"2023-10-29T11:44:15","modified_gmt":"2023-10-29T14:44:15","slug":"alberto-fernandez-se-reunio-con-mujica","status":"publish","type":"post","link":"https:\/\/delparquefm.com\/press\/alberto-fernandez-se-reunio-con-mujica\/","title":{"rendered":"Alberto Fern\u00e1ndez se reuni\u00f3 con Mujica"},"content":{"rendered":"<p><em><strong>El expresidente uruguayo recibi\u00f3 al primer mandatario en su chacra del Rinc\u00f3n del Cerro<\/strong><\/em><\/p>\n<p><span class=\"css-901oao css-16my406 r-poiln3 r-bcqeeo r-qvutc0\">El presidente argentino Alberto Fern\u00e1ndez se reuni\u00f3 con Jos\u00e9 Mujica<\/span><span class=\"css-901oao css-16my406 r-poiln3 r-bcqeeo r-qvutc0\">\u00a0en la chacra de Rinc\u00f3n del Cerro.<\/span><\/p>\n<p>Tras el encuentro, Fern\u00e1ndez evit\u00f3 hacer comentarios por el proceso electoral argentino, no obstante sostuvo que Massa es la renovaci\u00f3n que el peronismo necesita, sosteniendo que el candidato -de ser presidente- continuar\u00e1 su l\u00ednea de integraci\u00f3n del Mercosur.<\/p>\n<p>En este sentido, se mostr\u00f3 dispuesto a sumarse al pedido de integraci\u00f3n latinoamericana que promueven Lula y Mujica y que tendr\u00e1 en diciembre una jornada continental en Brasil.<\/p>\n<p>Por su parte, Mujica consider\u00f3 que el balotaje argentino estar\u00e1 peleado, aunque consider\u00f3 que Massa tiene m\u00e1s posibilidades de alcanzar la presidencia.<\/p>\n<p>Dijo que los pa\u00edses sudamericanos deben aprender a negociar con sus monedas.<\/p>\n<p>Tambi\u00e9n consider\u00f3 necesario que el gobierno nacional tome medidas para evitar que los uruguayos contin\u00faen yendo a comprar a Argentina, para evitar el perjuicio que generan al comercio y la industria nacional, especialmente en el litoral del pa\u00eds.<\/p>\n<p>www.mediospublicos.uy &#8211; Texto: Gustavo Guisulfo<\/p>\n","protected":false},"excerpt":{"rendered":"<p>El expresidente uruguayo recibi\u00f3 al primer mandatario en su chacra del Rinc\u00f3n del Cerro El presidente argentino Alberto Fern\u00e1ndez se reuni\u00f3 con Jos\u00e9 Mujica\u00a0en la&#8230;<\/p>\n","protected":false},"author":2,"featured_media":8579,"comment_status":"open","ping_status":"closed","sticky":false,"template":"","format":"standard","meta":[],"categories":[8,12],"tags":[],"_links":{"self":[{"href":"https:\/\/delparquefm.com\/press\/wp-json\/wp\/v2\/posts\/8577"}],"collection":[{"href":"https:\/\/delparquefm.com\/press\/wp-json\/wp\/v2\/posts"}],"about":[{"href":"https:\/\/delparquefm.com\/press\/wp-json\/wp\/v2\/types\/post"}],"author":[{"embeddable":true,"href":"https:\/\/delparquefm.com\/press\/wp-json\/wp\/v2\/users\/2"}],"replies":[{"embeddable":true,"href":"https:\/\/delparquefm.com\/press\/wp-json\/wp\/v2\/comments?post=8577"}],"version-history":[{"count":1,"href":"https:\/\/delparquefm.com\/press\/wp-json\/wp\/v2\/posts\/8577\/revisions"}],"predecessor-version":[{"id":8578,"href":"https:\/\/delparquefm.com\/press\/wp-json\/wp\/v2\/posts\/8577\/revisions\/8578"}],"wp:featuredmedia":[{"embeddable":true,"href":"https:\/\/delparquefm.com\/press\/wp-json\/wp\/v2\/media\/8579"}],"wp:attachment":[{"href":"https:\/\/delparquefm.com\/press\/wp-json\/wp\/v2\/media?parent=8577"}],"wp:term":[{"taxonomy":"category","embeddable":true,"href":"https:\/\/delparquefm.com\/press\/wp-json\/wp\/v2\/categories?post=8577"},{"taxonomy":"post_tag","embeddable":true,"href":"https:\/\/delparquefm.com\/press\/wp-json\/wp\/v2\/tags?post=8577"}],"curies":[{"name":"wp","href":"https:\/\/api.w.org\/{rel}","templated":true}]}}