{"id":8263,"date":"2022-04-28T19:39:47","date_gmt":"2022-04-28T22:39:47","guid":{"rendered":"http:\/\/delparquefm.com\/press\/?p=8263"},"modified":"2022-04-28T19:39:47","modified_gmt":"2022-04-28T22:39:47","slug":"realizaron-cierre-de-la-semana-de-la-salud-y-la-seguridad-laboral","status":"publish","type":"post","link":"https:\/\/delparquefm.com\/press\/realizaron-cierre-de-la-semana-de-la-salud-y-la-seguridad-laboral\/","title":{"rendered":"Realizaron cierre de la Semana de la Salud y la Seguridad Laboral"},"content":{"rendered":"<p style=\"font-weight: 400;\">En el Teatro Larra\u00f1aga se realiz\u00f3 el cierre de la semana donde se invit\u00f3 a reflexionar, educar y prevenir sobre la salud y la seguridad laboral. En la oportunidad se presentaron materiales audiovisuales con el objetivo de sensibilizar al p\u00fablico presente integrado por funcionarios municipales, integrantes del equipo de gobierno, y delegados de salud de los sectores de la Intendencia de Salto.<\/p>\n<p style=\"font-weight: 400;\">Tambi\u00e9n profesionales de la materia brindaron exposiciones breves relativas a la tem\u00e1tica.<\/p>\n<p style=\"font-weight: 400;\">La actividad a cargo de la Coordinaci\u00f3n General, espec\u00edficamente de la Oficina de Salud y Seguridad Laboral de la Intendencia cont\u00f3 con la participaci\u00f3n del secretario general T\u00e9c. Univ. Gustavo Chiriff, del coordinador general Dr. Juan Pablo Cesio; quienes coincidieron en celebrar esta instancia que es parte de la planificaci\u00f3n y del compromiso de la actual administraci\u00f3n. \u201cDebemos concientizar sobre la importancia de la salud y la seguridad laboral y tambi\u00e9n invertir para que las condiciones laborales se den de acuerdo con las exigencias que muchas veces tenemos sobre la materia\u201d indic\u00f3 Chiriff.<\/p>\n<p style=\"font-weight: 400;\">Por su parte, Cesio expres\u00f3 que la oficina que trabaja sobre la salud y la seguridad laboral \u201cviene realizando charlas, capacitaciones, actividades en sectores de la Intendencia y en el interior del departamento. De la mano de un presupuesto propio ese trabajo es complementario con el de equipamiento y uniformes de los funcionarios. Este es un equipo preocupado por la prevenci\u00f3n que tambi\u00e9n atiende las necesidades y las preocupaciones diarias. Por eso, para prevenir las respuestas urgentes que tengamos que dar, es importante asistir y formar parte de actividades como \u00e9stas, concientizar y asumir nuestro compromiso y nuestra responsabilidad en el cuidado de la salud.<\/p>\n<p style=\"font-weight: 400;\">Por su parte, M\u00f3nica Rodr\u00edguez como encargada de la Oficina de Salud y Seguridad Laboral, expres\u00f3 \u201cque este 28 de abril donde se celebra el d\u00eda mundial de la salud y seguridad en el trabajo, nos sirva para seguir educando y tomando conciencia sobre la salud y la seguridad laboral, y tambi\u00e9n para recordar a compa\u00f1eras y compa\u00f1eros que hoy no est\u00e1n por haber sido v\u00edctimas de accidentes laborales, o que viven con secuelas por siniestros laborales\u201d.<\/p>\n<p style=\"font-weight: 400;\">Finalmente, el presidente del sindicato de municipales, Juan Carlos G\u00f3mez record\u00f3 el surgimiento de esta oficina como una iniciativa e impulso del sindicato. \u201cPara nosotros la seguridad de las trabajadoras y de los trabajadores es una constante preocupaci\u00f3n y nos obliga a la lucha por m\u00e1s y mejores garant\u00edas para quienes desarrollan diferentes tareas a diario. Tambi\u00e9n debemos decir que es un compromiso de cada trabajadora y de cada trabajador cumplir con la normativa, exigir lo que corresponde, y no olvidar que no sirve de nada hipotecar nuestra salud, la vida, a cambio de dinero\u201d.<\/p>\n<p style=\"font-weight: 400;\">El lema de la oficina y que se convirti\u00f3 en eslogan de la actividad es \u201cNada es tan importante ni tan urgente que no pueda hacer con seguridad\u201d.<\/p>\n<p style=\"font-weight: 400;\">Para finalizar se sortearon implementos de seguridad entre los presentes.<\/p>\n","protected":false},"excerpt":{"rendered":"<p>En el Teatro Larra\u00f1aga se realiz\u00f3 el cierre de la semana donde se invit\u00f3 a reflexionar, educar y prevenir sobre la salud y la seguridad&#8230;<\/p>\n","protected":false},"author":3,"featured_media":8264,"comment_status":"open","ping_status":"closed","sticky":false,"template":"","format":"standard","meta":[],"categories":[18,8],"tags":[],"_links":{"self":[{"href":"https:\/\/delparquefm.com\/press\/wp-json\/wp\/v2\/posts\/8263"}],"collection":[{"href":"https:\/\/delparquefm.com\/press\/wp-json\/wp\/v2\/posts"}],"about":[{"href":"https:\/\/delparquefm.com\/press\/wp-json\/wp\/v2\/types\/post"}],"author":[{"embeddable":true,"href":"https:\/\/delparquefm.com\/press\/wp-json\/wp\/v2\/users\/3"}],"replies":[{"embeddable":true,"href":"https:\/\/delparquefm.com\/press\/wp-json\/wp\/v2\/comments?post=8263"}],"version-history":[{"count":1,"href":"https:\/\/delparquefm.com\/press\/wp-json\/wp\/v2\/posts\/8263\/revisions"}],"predecessor-version":[{"id":8265,"href":"https:\/\/delparquefm.com\/press\/wp-json\/wp\/v2\/posts\/8263\/revisions\/8265"}],"wp:featuredmedia":[{"embeddable":true,"href":"https:\/\/delparquefm.com\/press\/wp-json\/wp\/v2\/media\/8264"}],"wp:attachment":[{"href":"https:\/\/delparquefm.com\/press\/wp-json\/wp\/v2\/media?parent=8263"}],"wp:term":[{"taxonomy":"category","embeddable":true,"href":"https:\/\/delparquefm.com\/press\/wp-json\/wp\/v2\/categories?post=8263"},{"taxonomy":"post_tag","embeddable":true,"href":"https:\/\/delparquefm.com\/press\/wp-json\/wp\/v2\/tags?post=8263"}],"curies":[{"name":"wp","href":"https:\/\/api.w.org\/{rel}","templated":true}]}}