{"id":7840,"date":"2020-09-25T08:22:37","date_gmt":"2020-09-25T11:22:37","guid":{"rendered":"http:\/\/delparquefm.com\/press\/?p=7840"},"modified":"2020-09-25T08:22:37","modified_gmt":"2020-09-25T11:22:37","slug":"salto-ciudad-universitaria-organiza-la-semana-de-las-carreras-del-5-al-9-de-octubre","status":"publish","type":"post","link":"https:\/\/delparquefm.com\/press\/salto-ciudad-universitaria-organiza-la-semana-de-las-carreras-del-5-al-9-de-octubre\/","title":{"rendered":"Salto Ciudad Universitaria organiza la Semana  de las Carreras del 5 al 9 de octubre"},"content":{"rendered":"<p>\u00bfDe qu\u00e9 se trata la Semana de las Carreras?<\/p>\n<p>Esta propuesta presenta una serie de charlas sobre la oferta de carreras terciarias y universitarias de Salto a estudiantes de bachilleratos de liceos y UTUs de los departamentos de Artigas, Salto, Paysand\u00fa, R\u00edo Negro, Tacuaremb\u00f3, Rivera y Cerro Largo.<\/p>\n<p>\u00bfCu\u00e1ndo y d\u00f3nde?<\/p>\n<p>Del lunes 5 al 9 de octubre, de manera virtual por la plataforma Zoom.<\/p>\n<p>\u00bfQuienes ofrecen las charlas?<\/p>\n<p>Se ofrecer\u00e1n charlas sobre las distintas carreras que dictan los institutos y universidades que integran Salto Ciudad Universitaria:<\/p>\n<ul>\n<li>UTU &#8211; Escuela Superior Catalina Harriague de Casta\u00f1os.<\/p>\n<\/li>\n<li>\n<p>UTU &#8211; Escuela Superior de Administraci\u00f3n y Servicios.<\/p>\n<\/li>\n<li>\n<p>CERP del Litoral<\/p>\n<\/li>\n<li>\n<p>IFD &#8211; Instituto de Formaci\u00f3n Docente<\/p>\n<\/li>\n<li>\n<p>Universidad CLAEH<\/p>\n<\/li>\n<li>\n<p>UCU &#8211; Universidad Cat\u00f3lica del Uruguay<\/p>\n<\/li>\n<li>\n<p>Udelar Salto Cenur Litoral Norte &#8211; Universidad de la Rep\u00fablica<\/p>\n<\/li>\n<\/ul>\n<p>\u00bfCu\u00e1l es el contenido de las charlas?<\/p>\n<p>Se har\u00e1 \u00e9nfasis en los requisitos de ingreso, perfiles de egreso, duraci\u00f3n de la carrera, contactos de la coordinaci\u00f3n\/direcci\u00f3n de la carrera, y se contestar\u00e1n consultas que realicen los y las estudiantes.<\/p>\n<p>Cada charla tendr\u00e1 hasta una hora de duraci\u00f3n, ser\u00e1 de acceso libre y gratuito.<\/p>\n<p>Las charlas ser\u00e1n grabadas y subidas a la web de Salto Ciudad Universitaria quedando de libre acceso para quienes quieran consultarlas posteriormente.<\/p>\n<p>\u00bfC\u00f3mo participar?<\/p>\n<p>Consultando el calendario de charlas y el formulario de inscripci\u00f3n, los cuales se encuentran disponibles en la web de Salto Ciudad Universitaria: https:\/\/saltouniversitaria.uy\/2687-2\/?preview=true<\/p>\n<p>Toda la informaci\u00f3n en: saltouniversitaria.uy<\/p>\n","protected":false},"excerpt":{"rendered":"<p>\u00bfDe qu\u00e9 se trata la Semana de las Carreras? Esta propuesta presenta una serie de charlas sobre la oferta de carreras terciarias y universitarias de&#8230;<\/p>\n","protected":false},"author":10,"featured_media":0,"comment_status":"open","ping_status":"closed","sticky":false,"template":"","format":"standard","meta":[],"categories":[14,18],"tags":[],"_links":{"self":[{"href":"https:\/\/delparquefm.com\/press\/wp-json\/wp\/v2\/posts\/7840"}],"collection":[{"href":"https:\/\/delparquefm.com\/press\/wp-json\/wp\/v2\/posts"}],"about":[{"href":"https:\/\/delparquefm.com\/press\/wp-json\/wp\/v2\/types\/post"}],"author":[{"embeddable":true,"href":"https:\/\/delparquefm.com\/press\/wp-json\/wp\/v2\/users\/10"}],"replies":[{"embeddable":true,"href":"https:\/\/delparquefm.com\/press\/wp-json\/wp\/v2\/comments?post=7840"}],"version-history":[{"count":1,"href":"https:\/\/delparquefm.com\/press\/wp-json\/wp\/v2\/posts\/7840\/revisions"}],"predecessor-version":[{"id":7841,"href":"https:\/\/delparquefm.com\/press\/wp-json\/wp\/v2\/posts\/7840\/revisions\/7841"}],"wp:attachment":[{"href":"https:\/\/delparquefm.com\/press\/wp-json\/wp\/v2\/media?parent=7840"}],"wp:term":[{"taxonomy":"category","embeddable":true,"href":"https:\/\/delparquefm.com\/press\/wp-json\/wp\/v2\/categories?post=7840"},{"taxonomy":"post_tag","embeddable":true,"href":"https:\/\/delparquefm.com\/press\/wp-json\/wp\/v2\/tags?post=7840"}],"curies":[{"name":"wp","href":"https:\/\/api.w.org\/{rel}","templated":true}]}}