{"id":6913,"date":"2020-01-13T10:43:45","date_gmt":"2020-01-13T13:43:45","guid":{"rendered":"http:\/\/delparquefm.com\/press\/?p=6913"},"modified":"2020-01-13T10:43:45","modified_gmt":"2020-01-13T13:43:45","slug":"la-intendencia-de-salto-apoya-a-la-comunidad-emprendedora","status":"publish","type":"post","link":"https:\/\/delparquefm.com\/press\/la-intendencia-de-salto-apoya-a-la-comunidad-emprendedora\/","title":{"rendered":"La Intendencia de Salto apoya a la comunidad emprendedora"},"content":{"rendered":"<p>Ecosistema emprendedor, oportunidades de negocios o alianzas estrat\u00e9gicas son conceptos que ya no son nuevos para quienes integran la comunidad emprendedora de Salto. Desde hace varios a\u00f1os se viene trabajando para desarrollar el sector y actualmente unos 40 emprendedores integran esta comunidad.<\/p>\n<p>Si bien cada vez es m\u00e1s habitual ver a este grupo de emprendedores en diversas ferias en la plaza Treinta y Tres Orientales o en eventos como la Expo Salto, lo cierto es que detr\u00e1s de cada uno de sus stands hay muchas horas de trabajo y esfuerzo y muchas ideas puestas a prueba, ya que uno de los requisitos principales para integrarse es que los productos sean elaborados por los emprendedores.<\/p>\n<p>El director de Proyectos Especiales, Inversi\u00f3n y Desarrollo de la Intendencia de Salto, \u00c1lvaro da Cunda, hizo un balance positivo de lo actuado durante el 2019 junto a ese sector de actividad, en el que tienen cabida artesanos en rubros como madera, cuero, hierro, vidrio, papel, textil, vestimenta, plantas o gastronom\u00eda. Da Cunda dijo que &#8220;la Intendencia de Salto acompa\u00f1a a los emprendedores, cede espacios e instalaciones para ferias, apoya con espect\u00e1culos tales como la Orquesta Departamental o el grupo de Hip Hop, colabora con las instalaciones para las reuniones mensuales del plenario, promueve instancias de capacitaci\u00f3n y brinda asesoramiento&#8221;, desarrollando un proceso de largo plazo del que tambi\u00e9n participan otras instituciones como el Centro Comercial e Industrial de Salto y la Fundaci\u00f3n Desarrollo Regional Salto Grande.<\/p>\n<p>Esta comunidad no es un espacio cerrado, sino que todos los a\u00f1os pueden ingresar nuevos emprendedores. Los ingresos en el a\u00f1o 2020 est\u00e1n previstos para el mes de abril, por lo que a partir de marzo los interesados podr\u00e1n consultar e informarse en la p\u00e1gina de Facebook Comunidad Emprendedora, o a trav\u00e9s de Salto Emprende por el tel\u00e9fono 473 29898 interno 146.<\/p>\n","protected":false},"excerpt":{"rendered":"<p>Ecosistema emprendedor, oportunidades de negocios o alianzas estrat\u00e9gicas son conceptos que ya no son nuevos para quienes integran la comunidad emprendedora de Salto. Desde hace&#8230;<\/p>\n","protected":false},"author":10,"featured_media":6914,"comment_status":"open","ping_status":"closed","sticky":false,"template":"","format":"standard","meta":[],"categories":[18,8],"tags":[],"_links":{"self":[{"href":"https:\/\/delparquefm.com\/press\/wp-json\/wp\/v2\/posts\/6913"}],"collection":[{"href":"https:\/\/delparquefm.com\/press\/wp-json\/wp\/v2\/posts"}],"about":[{"href":"https:\/\/delparquefm.com\/press\/wp-json\/wp\/v2\/types\/post"}],"author":[{"embeddable":true,"href":"https:\/\/delparquefm.com\/press\/wp-json\/wp\/v2\/users\/10"}],"replies":[{"embeddable":true,"href":"https:\/\/delparquefm.com\/press\/wp-json\/wp\/v2\/comments?post=6913"}],"version-history":[{"count":1,"href":"https:\/\/delparquefm.com\/press\/wp-json\/wp\/v2\/posts\/6913\/revisions"}],"predecessor-version":[{"id":6915,"href":"https:\/\/delparquefm.com\/press\/wp-json\/wp\/v2\/posts\/6913\/revisions\/6915"}],"wp:featuredmedia":[{"embeddable":true,"href":"https:\/\/delparquefm.com\/press\/wp-json\/wp\/v2\/media\/6914"}],"wp:attachment":[{"href":"https:\/\/delparquefm.com\/press\/wp-json\/wp\/v2\/media?parent=6913"}],"wp:term":[{"taxonomy":"category","embeddable":true,"href":"https:\/\/delparquefm.com\/press\/wp-json\/wp\/v2\/categories?post=6913"},{"taxonomy":"post_tag","embeddable":true,"href":"https:\/\/delparquefm.com\/press\/wp-json\/wp\/v2\/tags?post=6913"}],"curies":[{"name":"wp","href":"https:\/\/api.w.org\/{rel}","templated":true}]}}