{"id":6434,"date":"2019-11-22T16:55:51","date_gmt":"2019-11-22T19:55:51","guid":{"rendered":"http:\/\/delparquefm.com\/press\/?p=6434"},"modified":"2019-11-22T16:55:51","modified_gmt":"2019-11-22T19:55:51","slug":"conferencia-de-prensa-por-jornada-de-discapacidad-e-inclusion-laboral","status":"publish","type":"post","link":"https:\/\/delparquefm.com\/press\/conferencia-de-prensa-por-jornada-de-discapacidad-e-inclusion-laboral\/","title":{"rendered":"CONFERENCIA DE PRENSA POR JORNADA DE DISCAPACIDAD E INCLUSI\u00d3N LABORAL."},"content":{"rendered":"<div id=\"geom_inter_1574452397488_95_4\">Invitamos a Conferencia de Prensa para informar detalles de la actividad que se est\u00e1 organizando desde la Comisi\u00f3n Departamental Honoraria de Discapacidad de Salto:\u00a0<em><strong id=\"geom_inter_1574452397488_72_5\">Primeras Jornadas de Inclusi\u00f3n y Discapacidad. Actualizaci\u00f3n y desaf\u00edos en el acceso laboral.\u00a0<\/strong><\/em><\/div>\n<p>&nbsp;<\/p>\n<div>Lugar: Mides-Salto (Brasil 1058.<\/div>\n<div>Fecha y hora:\u00a0lunes 2 de diciembre, hora 10.<\/div>\n<p>&nbsp;<\/p>\n<div>La jornada en cuesti\u00f3n apuesta a ser una instancia de encuentro y di\u00e1logo entre distintos actores (Sociedad Civil, Academia, Instituciones (BPS, PRONADIS, INEFOP) Pit CNT, representantes de empresas locales y trabajadores\/as en situaci\u00f3n de discapacidad en actividad laboral).<\/div>\n","protected":false},"excerpt":{"rendered":"<p>Invitamos a Conferencia de Prensa para informar detalles de la actividad que se est\u00e1 organizando desde la Comisi\u00f3n Departamental Honoraria de Discapacidad de Salto:\u00a0Primeras Jornadas&#8230;<\/p>\n","protected":false},"author":10,"featured_media":0,"comment_status":"open","ping_status":"closed","sticky":false,"template":"","format":"standard","meta":[],"categories":[18,8],"tags":[],"_links":{"self":[{"href":"https:\/\/delparquefm.com\/press\/wp-json\/wp\/v2\/posts\/6434"}],"collection":[{"href":"https:\/\/delparquefm.com\/press\/wp-json\/wp\/v2\/posts"}],"about":[{"href":"https:\/\/delparquefm.com\/press\/wp-json\/wp\/v2\/types\/post"}],"author":[{"embeddable":true,"href":"https:\/\/delparquefm.com\/press\/wp-json\/wp\/v2\/users\/10"}],"replies":[{"embeddable":true,"href":"https:\/\/delparquefm.com\/press\/wp-json\/wp\/v2\/comments?post=6434"}],"version-history":[{"count":1,"href":"https:\/\/delparquefm.com\/press\/wp-json\/wp\/v2\/posts\/6434\/revisions"}],"predecessor-version":[{"id":6436,"href":"https:\/\/delparquefm.com\/press\/wp-json\/wp\/v2\/posts\/6434\/revisions\/6436"}],"wp:attachment":[{"href":"https:\/\/delparquefm.com\/press\/wp-json\/wp\/v2\/media?parent=6434"}],"wp:term":[{"taxonomy":"category","embeddable":true,"href":"https:\/\/delparquefm.com\/press\/wp-json\/wp\/v2\/categories?post=6434"},{"taxonomy":"post_tag","embeddable":true,"href":"https:\/\/delparquefm.com\/press\/wp-json\/wp\/v2\/tags?post=6434"}],"curies":[{"name":"wp","href":"https:\/\/api.w.org\/{rel}","templated":true}]}}