{"id":6427,"date":"2019-11-22T09:04:10","date_gmt":"2019-11-22T12:04:10","guid":{"rendered":"http:\/\/delparquefm.com\/press\/?p=6427"},"modified":"2019-11-22T09:04:10","modified_gmt":"2019-11-22T12:04:10","slug":"intendencia-firmo-el-contrato-para-la-reconstruccion-del-camino-de-acceso-a-san-antonio","status":"publish","type":"post","link":"https:\/\/delparquefm.com\/press\/intendencia-firmo-el-contrato-para-la-reconstruccion-del-camino-de-acceso-a-san-antonio\/","title":{"rendered":"Intendencia firm\u00f3 el contrato para la reconstrucci\u00f3n del camino de acceso a San Antonio"},"content":{"rendered":"<p>En sala de reuniones de la Intendencia de Salto, el intendente Andr\u00e9s Lima y el secretario general Fabi\u00e1n Bochia, firmaron el contrato de ejecuci\u00f3n de obra con la empresa Gofinal S.A., ganadora de la licitaci\u00f3n para la reconstrucci\u00f3n del camino de acceso a San Antonio desde ruta 31.<\/p>\n<p>El ingeniero Edeneo Monz\u00f3n, representante de la empresa sanducera Gofinal S.A., record\u00f3 que hace 15 a\u00f1os la misma empresa realiz\u00f3 las alcantarillas de ese camino, y dijo que &#8220;es un gusto para nosotros volver a trabajar en la zona y en el departamento de Salto&#8221;, mientras que Fabi\u00e1n Bochia destac\u00f3 la importancia de esta obra que beneficiar\u00e1 a toda una zona productiva del departamento.<\/p>\n<p>En el mismo sentido, el intendente Andr\u00e9s Lima dijo que este contrato &#8220;permitir\u00e1 concretar una obra muy esperada por los vecinos. Teniendo en cuenta que dentro del corredor hort\u00edcola, toda la zona de San Antonio, parada Herrer\u00eda, barrio Albisu, colonia Garibaldi, San Pedro y parada Vi\u00f1a, presenta un desarrollo muy fuerte de la horticultura, contar con un camino de acceso en buenas condiciones, con carpeta asf\u00e1ltica, es muy importante&#8221;.<\/p>\n<p>La obra cuenta con un plazo de ejecuci\u00f3n de cinco meses y una inversi\u00f3n de 37 millones de pesos, y adem\u00e1s de la pavimentaci\u00f3n con carpeta asf\u00e1ltica comprende reparaci\u00f3n de base, limpieza de cunetas, readecuaci\u00f3n de alcantarillas, instalaci\u00f3n de defensas met\u00e1licas y se\u00f1alizaci\u00f3n.<\/p>\n<p>Lima indic\u00f3 que &#8220;si los tiempos acompa\u00f1an, en 20 d\u00edas estar\u00e1n comenzando los trabajos. Es una tranquilidad y una satisfacci\u00f3n para nuestra Administraci\u00f3n poder cumplir con este objetivo, un compromiso que asumimos con la poblaci\u00f3n del municipio de San Antonio&#8221;.<\/p>\n","protected":false},"excerpt":{"rendered":"<p>En sala de reuniones de la Intendencia de Salto, el intendente Andr\u00e9s Lima y el secretario general Fabi\u00e1n Bochia, firmaron el contrato de ejecuci\u00f3n de&#8230;<\/p>\n","protected":false},"author":10,"featured_media":0,"comment_status":"open","ping_status":"closed","sticky":false,"template":"","format":"standard","meta":[],"categories":[18,8],"tags":[],"_links":{"self":[{"href":"https:\/\/delparquefm.com\/press\/wp-json\/wp\/v2\/posts\/6427"}],"collection":[{"href":"https:\/\/delparquefm.com\/press\/wp-json\/wp\/v2\/posts"}],"about":[{"href":"https:\/\/delparquefm.com\/press\/wp-json\/wp\/v2\/types\/post"}],"author":[{"embeddable":true,"href":"https:\/\/delparquefm.com\/press\/wp-json\/wp\/v2\/users\/10"}],"replies":[{"embeddable":true,"href":"https:\/\/delparquefm.com\/press\/wp-json\/wp\/v2\/comments?post=6427"}],"version-history":[{"count":1,"href":"https:\/\/delparquefm.com\/press\/wp-json\/wp\/v2\/posts\/6427\/revisions"}],"predecessor-version":[{"id":6429,"href":"https:\/\/delparquefm.com\/press\/wp-json\/wp\/v2\/posts\/6427\/revisions\/6429"}],"wp:attachment":[{"href":"https:\/\/delparquefm.com\/press\/wp-json\/wp\/v2\/media?parent=6427"}],"wp:term":[{"taxonomy":"category","embeddable":true,"href":"https:\/\/delparquefm.com\/press\/wp-json\/wp\/v2\/categories?post=6427"},{"taxonomy":"post_tag","embeddable":true,"href":"https:\/\/delparquefm.com\/press\/wp-json\/wp\/v2\/tags?post=6427"}],"curies":[{"name":"wp","href":"https:\/\/api.w.org\/{rel}","templated":true}]}}