{"id":6424,"date":"2019-11-22T08:59:04","date_gmt":"2019-11-22T11:59:04","guid":{"rendered":"http:\/\/delparquefm.com\/press\/?p=6424"},"modified":"2019-11-22T08:59:04","modified_gmt":"2019-11-22T11:59:04","slug":"18o-edicion-huellas-de-tradicion-ana-de-leivas-fue-la-soberana-en-el-certamen-de-la-flor-del-pago","status":"publish","type":"post","link":"https:\/\/delparquefm.com\/press\/18o-edicion-huellas-de-tradicion-ana-de-leivas-fue-la-soberana-en-el-certamen-de-la-flor-del-pago\/","title":{"rendered":"18\u00ba Edici\u00f3n \u00abHuellas de Tradici\u00f3n\u00bb, Ana de Leivas fue la soberana en el certamen de la Flor del Pago"},"content":{"rendered":"<p>Lavalleja vivi\u00f3 intensamente durante tres d\u00edas su gran fiesta; concretamente, nos referimos a la que realiz\u00f3 el liceo rural de nuestra localidad. Esta fue la d\u00e9cima octava edici\u00f3n; este a\u00f1o la parte de organizaci\u00f3n estuvo a cargo de los hermanos Sena. Haciendo en s\u00ed un balance final, la misma fue muy buena en la parte art\u00edstica, refiri\u00e9ndonos a la participaci\u00f3n en el escenario de orquestas de primer nivel, no s\u00f3lo la local, \u00abGarras de Amor\u00bb, sino, tambi\u00e9n, por primera vez, se cont\u00f3 con la presencia de la \u00abSinf\u00f3nica de Tambores\u00bb y el grupo \u00abMi Banda\u00bb, de nuestro coterr\u00e1neo Nelson L\u00f3pez, sumado a otras orquestas que engalanaron esas noches con un p\u00fablico impresionante.<\/p>\n<p>Lo acontecido el s\u00e1bado y el domingo, comenz\u00f3 el viernes, con \u00abLa Noche de los Fogones\u00bb, donde se encendi\u00f3 la antorcha.<br \/>\nEl s\u00e1bado sobre la hora 14:00, se iniciaron las pruebas de rienda de la categor\u00eda Escuelita; posteriormente, la de los j\u00f3venes y, cerrando la misma, la de los mayores. Todo se realiz\u00f3 en el hermoso predio de Nelson Garc\u00eda, con mucha sombra, que nos bindaban los gigantescos eucaliptos.<br \/>\nEn el entorno, muchos kioscos de venta de comida, de helados, como tambi\u00e9n, jugueter\u00eda y otro con art\u00edculos alusivos al acontecimiento.<br \/>\nArtesan\u00edas, por ejemplo, y, tambi\u00e9n, pudimos observar donde se ofrec\u00edan varios implementos para el hombre de campo. Tambi\u00e9n, no pod\u00edan faltar los juegos inflables para los ni\u00f1os, junto con el toro mec\u00e1nico y, los ranchos que todos los a\u00f1os construyen los alumnos. Volviendo a lo acontecido en el ruedo, el domingo fueron las jineteadas con varias tropillas, una cantidad cercana a las 100 montas, en basto y en crines (en pelo). La destreza de los jinetes fue buen\u00edsima. Demostrando de s\u00ed lo mejor en esa lucha entre hombre y bagual.<br \/>\nEl Desfile Gaucho una vez m\u00e1s acapar\u00f3 la atenci\u00f3n de todos y, fue el domingo a la ma\u00f1ana, el espect\u00e1culo de ver a los casi 400 caballos con gauchos y chinas bien ataviados, en un clima de alegr\u00eda, con el grito de \u00a1Viva la Patria!, y los pabellones patrios, que son el s\u00edmbolo del respeto y del orgullo de los uruguayos, iban al frente de cada grupo del liceo.<br \/>\nEl p\u00fablico, numeros\u00edsimo, aplaud\u00eda al paso con sus celulares en acci\u00f3n, para registrar todo lo que acontec\u00eda en esos momentos imborrables.<br \/>\nComo ya es tradicional, el desfile arranc\u00f3 al frente del monumento al Pr\u00f3cer, por el que lleva el nombre nuestra querida Colonia o Pueblo, como a muchos les gusta decir, extendi\u00e9ndose por la avenida, culminando en el lugar donde se iba a desarrollar la fiesta, y el pueblo acompa\u00f1ando, d\u00e1ndose inicio, se escucharon y se corearon por parte del p\u00fablico presente, las estrofas de nuestro glorioso Himno Nacional. Enfrente estaban los gauchos, posteriormente, se cant\u00f3 el Himno a Don Jos\u00e9, cerrando la Marcha Mi Bandera.<br \/>\nEl p\u00fablico no se movi\u00f3 del lugar aguardando los momentos de las pruebas de riendas.<\/p>\n<p><strong>Momentos vividos en el desfile<\/strong><\/p>\n<p>Nos hacemos eco de nuestro colega y amigo Hermes Sena, con la emoci\u00f3n a flor de piel, quien dec\u00eda lo siguiente, con el acompa\u00f1amiento de fondo de la guitarra del payador de Colonia Itapeb\u00ed: \u00abYa vienen ingresando a Migliaro, a nosotros nos deja cada vez m\u00e1s orgullosos porque al ver un desfile donde unimos desde al m\u00e1s chiquito y al m\u00e1s veterano, alg\u00fan veterano como decimos nosotros, dej\u00f3 de andar a caballo, pero, que en esta oportunidad, acompa\u00f1\u00f3 al nieto, vuelve a montar a caballo y vuelve a vestirse con las prendas gauchas, esa que ha forjado la Patria, con ese soldado de cuatro patas que es el caballo, s\u00ed se\u00f1or, s\u00ed Lavalleja, s\u00ed ustedes, se tienen que sentir cada vez m\u00e1s orgullosos, que tienen una fiesta que es referente del norte del pa\u00eds, y que a\u00f1o a a\u00f1o viene creciendo y se viene poniendo profesional, y, por supuesto, cuando vamos cambiando, los cambios empiezan a limar los callos que hab\u00edan hecho asperezas en las ediciones anteriores, y que a mucha gente le molesta, y otros estar\u00e1n de acuerdo, pero, esto es as\u00ed, no somos moneditas de oro para que todo el mundo nos quiera, y que est\u00e9 de acuerdo con lo que uno hace; pero, los cambios, son necesarios, cuando son buenos para cambiar y seguir adelante\u00bb.<\/p>\n","protected":false},"excerpt":{"rendered":"<p>Lavalleja vivi\u00f3 intensamente durante tres d\u00edas su gran fiesta; concretamente, nos referimos a la que realiz\u00f3 el liceo rural de nuestra localidad. Esta fue la&#8230;<\/p>\n","protected":false},"author":10,"featured_media":6425,"comment_status":"open","ping_status":"closed","sticky":false,"template":"","format":"standard","meta":[],"categories":[18,8],"tags":[],"_links":{"self":[{"href":"https:\/\/delparquefm.com\/press\/wp-json\/wp\/v2\/posts\/6424"}],"collection":[{"href":"https:\/\/delparquefm.com\/press\/wp-json\/wp\/v2\/posts"}],"about":[{"href":"https:\/\/delparquefm.com\/press\/wp-json\/wp\/v2\/types\/post"}],"author":[{"embeddable":true,"href":"https:\/\/delparquefm.com\/press\/wp-json\/wp\/v2\/users\/10"}],"replies":[{"embeddable":true,"href":"https:\/\/delparquefm.com\/press\/wp-json\/wp\/v2\/comments?post=6424"}],"version-history":[{"count":1,"href":"https:\/\/delparquefm.com\/press\/wp-json\/wp\/v2\/posts\/6424\/revisions"}],"predecessor-version":[{"id":6426,"href":"https:\/\/delparquefm.com\/press\/wp-json\/wp\/v2\/posts\/6424\/revisions\/6426"}],"wp:featuredmedia":[{"embeddable":true,"href":"https:\/\/delparquefm.com\/press\/wp-json\/wp\/v2\/media\/6425"}],"wp:attachment":[{"href":"https:\/\/delparquefm.com\/press\/wp-json\/wp\/v2\/media?parent=6424"}],"wp:term":[{"taxonomy":"category","embeddable":true,"href":"https:\/\/delparquefm.com\/press\/wp-json\/wp\/v2\/categories?post=6424"},{"taxonomy":"post_tag","embeddable":true,"href":"https:\/\/delparquefm.com\/press\/wp-json\/wp\/v2\/tags?post=6424"}],"curies":[{"name":"wp","href":"https:\/\/api.w.org\/{rel}","templated":true}]}}