{"id":6422,"date":"2019-11-22T07:57:44","date_gmt":"2019-11-22T10:57:44","guid":{"rendered":"http:\/\/delparquefm.com\/press\/?p=6422"},"modified":"2019-11-22T07:57:44","modified_gmt":"2019-11-22T10:57:44","slug":"consejo-directivo-central-de-la-udelar-aprobo-el-cursado-completo-de-medicina-en-el-litoral","status":"publish","type":"post","link":"https:\/\/delparquefm.com\/press\/consejo-directivo-central-de-la-udelar-aprobo-el-cursado-completo-de-medicina-en-el-litoral\/","title":{"rendered":"Consejo Directivo Central de la Udelar aprob\u00f3  el cursado completo de Medicina en el Litoral"},"content":{"rendered":"<p>Este martes 19 de noviembre el Consejo Directivo Central (CDC) de la Universidad de la Rep\u00fablica, aprob\u00f3 la implementaci\u00f3n de 2do y 3er a\u00f1o de la carrera de Medicina entre las sedes universitarias de Salto y Paysand\u00fa. Esto permite que a partir del a\u00f1o entrante la carrera de Medicina se pueda realizar de forma completa en la regi\u00f3n del Cenur Litoral Norte.<\/p>\n<p>Este logro es catalogado como un hecho hist\u00f3rico, dado que es la primera vez que la carrera de Medicina se dicta fuera de Montevideo. El equipo de docentes de Facultad de Medicina radicados en Salto y Paysand\u00fa, han catalogado este logro como de suma importancia para la regi\u00f3n.<\/p>\n<p>La propuesta que lleva varios a\u00f1os de trabajo hab\u00eda sido aprobada el pasado mi\u00e9rcoles 13 de noviembre por el Consejo de Facultad de Medicina. Y este martes 19 cont\u00f3 con una doble aprobaci\u00f3n, primero la habilitaci\u00f3n de los recursos por parte de la Comisi\u00f3n Coordinadora del Interior y posteriormente la aprobaci\u00f3n del CDC, m\u00e1ximo \u00f3rgano de cogobierno de la Udelar.<\/p>\n<p>La posibilidad de contar con la dictado de la carrera completa de Medicina en nuestra regi\u00f3n, se inscribe en una antigua aspiraci\u00f3n y un arduo trabajo que ha insumido m\u00e1s de 10 a\u00f1os. En los \u00faltimos a\u00f1os se ven\u00edan dando avances importantes, por una parte en la radicaci\u00f3n de docentes en los departamentos de Paysand\u00fa y Salto y por otra, tambi\u00e9n como consecuencia de lo anterior, la instrumentaci\u00f3n del 1er a\u00f1o de esta carrera a trav\u00e9s del Ciclo Inicial Optativo del \u00e1rea Salud en Paysand\u00fa.<\/p>\n<p>A partir de esta nueva realidad y para dar continuidad al trabajo tendiente a lograr la carrera completa en la regi\u00f3n, el Consejo de Facultad de Medicina design\u00f3 un grupo de docentes de Salto y Paysand\u00fa para poder concretarlo a trav\u00e9s de un trabajo conjunto con las direcciones y equipo de direcci\u00f3n del Cenur Litoral Norte. Es decir la implementaci\u00f3n del 2do y 3er a\u00f1o de la carrera completa en la regi\u00f3n.<\/p>\n<p>Este equipo de trabajo elabor\u00f3 un proyecto de trabajo para optimizar los recursos docentes que est\u00e1n en la regi\u00f3n, el cual fue discutido en la Comisi\u00f3n de Carrera de Facultad de Medicina, as\u00ed como con el decano y su equipo acad\u00e9mico. De este proceso se logr\u00f3 el dise\u00f1\u00f3 de un proyecto final, el cual se present\u00f3 ante el Consejo de Facultad de Medicina.<\/p>\n","protected":false},"excerpt":{"rendered":"<p>Este martes 19 de noviembre el Consejo Directivo Central (CDC) de la Universidad de la Rep\u00fablica, aprob\u00f3 la implementaci\u00f3n de 2do y 3er a\u00f1o de&#8230;<\/p>\n","protected":false},"author":10,"featured_media":6102,"comment_status":"open","ping_status":"closed","sticky":false,"template":"","format":"standard","meta":[],"categories":[18,8],"tags":[],"_links":{"self":[{"href":"https:\/\/delparquefm.com\/press\/wp-json\/wp\/v2\/posts\/6422"}],"collection":[{"href":"https:\/\/delparquefm.com\/press\/wp-json\/wp\/v2\/posts"}],"about":[{"href":"https:\/\/delparquefm.com\/press\/wp-json\/wp\/v2\/types\/post"}],"author":[{"embeddable":true,"href":"https:\/\/delparquefm.com\/press\/wp-json\/wp\/v2\/users\/10"}],"replies":[{"embeddable":true,"href":"https:\/\/delparquefm.com\/press\/wp-json\/wp\/v2\/comments?post=6422"}],"version-history":[{"count":1,"href":"https:\/\/delparquefm.com\/press\/wp-json\/wp\/v2\/posts\/6422\/revisions"}],"predecessor-version":[{"id":6423,"href":"https:\/\/delparquefm.com\/press\/wp-json\/wp\/v2\/posts\/6422\/revisions\/6423"}],"wp:featuredmedia":[{"embeddable":true,"href":"https:\/\/delparquefm.com\/press\/wp-json\/wp\/v2\/media\/6102"}],"wp:attachment":[{"href":"https:\/\/delparquefm.com\/press\/wp-json\/wp\/v2\/media?parent=6422"}],"wp:term":[{"taxonomy":"category","embeddable":true,"href":"https:\/\/delparquefm.com\/press\/wp-json\/wp\/v2\/categories?post=6422"},{"taxonomy":"post_tag","embeddable":true,"href":"https:\/\/delparquefm.com\/press\/wp-json\/wp\/v2\/tags?post=6422"}],"curies":[{"name":"wp","href":"https:\/\/api.w.org\/{rel}","templated":true}]}}