{"id":5159,"date":"2019-08-19T11:09:47","date_gmt":"2019-08-19T14:09:47","guid":{"rendered":"http:\/\/delparquefm.com\/press\/?p=5159"},"modified":"2019-08-19T11:09:47","modified_gmt":"2019-08-19T14:09:47","slug":"guardia-republicana-desmiente-audios-con-acusaciones-a-jefatura-local","status":"publish","type":"post","link":"https:\/\/delparquefm.com\/press\/guardia-republicana-desmiente-audios-con-acusaciones-a-jefatura-local\/","title":{"rendered":"Guardia Republicana desmiente audios con acusaciones a Jefatura local"},"content":{"rendered":"<p>La Guardia Republicana desmiente una serie de audios que fueron viralizados a trav\u00e9s de las redes sociales donde se mencionan diferencias con la Jefatura local. Seg\u00fan pudo saber TDN, los audios no pertenecen a la Guardia Republicana y desde la fuerza se afirma que vienen trabajando en forma coordinada y correcta con la Jefatura de polic\u00eda de Salto.<\/p>\n<p>Sostienen que desde alg\u00fan \u00e1mbito se pretende dividir a ambas fuerzas que vienen combatiendo la delincuencia a nivel local. No existen tales diferencias y la coordinaci\u00f3n por mayor seguridad en el departamento es contin\u00faa.<\/p>\n<p>Seg\u00fan se inform\u00f3 a TDN, los audios difundidos los pudo realizar cualquiera con el prop\u00f3sito de crear un conflicto entre ambas unidades. Desde la Guardia Republicana se dijo a nuestro medio que el trabajo entre ambos es correcto y no existe tal problema.<\/p>\n","protected":false},"excerpt":{"rendered":"<p>La Guardia Republicana desmiente una serie de audios que fueron viralizados a trav\u00e9s de las redes sociales donde se mencionan diferencias con la Jefatura local&#8230;.<\/p>\n","protected":false},"author":10,"featured_media":0,"comment_status":"open","ping_status":"closed","sticky":false,"template":"","format":"standard","meta":[],"categories":[1],"tags":[],"_links":{"self":[{"href":"https:\/\/delparquefm.com\/press\/wp-json\/wp\/v2\/posts\/5159"}],"collection":[{"href":"https:\/\/delparquefm.com\/press\/wp-json\/wp\/v2\/posts"}],"about":[{"href":"https:\/\/delparquefm.com\/press\/wp-json\/wp\/v2\/types\/post"}],"author":[{"embeddable":true,"href":"https:\/\/delparquefm.com\/press\/wp-json\/wp\/v2\/users\/10"}],"replies":[{"embeddable":true,"href":"https:\/\/delparquefm.com\/press\/wp-json\/wp\/v2\/comments?post=5159"}],"version-history":[{"count":1,"href":"https:\/\/delparquefm.com\/press\/wp-json\/wp\/v2\/posts\/5159\/revisions"}],"predecessor-version":[{"id":5160,"href":"https:\/\/delparquefm.com\/press\/wp-json\/wp\/v2\/posts\/5159\/revisions\/5160"}],"wp:attachment":[{"href":"https:\/\/delparquefm.com\/press\/wp-json\/wp\/v2\/media?parent=5159"}],"wp:term":[{"taxonomy":"category","embeddable":true,"href":"https:\/\/delparquefm.com\/press\/wp-json\/wp\/v2\/categories?post=5159"},{"taxonomy":"post_tag","embeddable":true,"href":"https:\/\/delparquefm.com\/press\/wp-json\/wp\/v2\/tags?post=5159"}],"curies":[{"name":"wp","href":"https:\/\/api.w.org\/{rel}","templated":true}]}}