{"id":5154,"date":"2019-08-18T12:33:26","date_gmt":"2019-08-18T15:33:26","guid":{"rendered":"http:\/\/delparquefm.com\/press\/?p=5154"},"modified":"2019-08-18T12:33:26","modified_gmt":"2019-08-18T15:33:26","slug":"la-justica-formalizo-a-12-personas-como-consecuencia-de-la-operacion-rede","status":"publish","type":"post","link":"https:\/\/delparquefm.com\/press\/la-justica-formalizo-a-12-personas-como-consecuencia-de-la-operacion-rede\/","title":{"rendered":"La Justica formaliz\u00f3 a 12 personas como consecuencia de la Operaci\u00f3n Rede"},"content":{"rendered":"<p><a href=\"https:\/\/delparquefm.com\/press\/wp-content\/uploads\/2019\/08\/17.jpeg\"><img loading=\"lazy\" class=\"alignnone size-medium wp-image-5135\" src=\"https:\/\/delparquefm.com\/press\/wp-content\/uploads\/2019\/08\/17-300x200.jpeg\" alt=\"\" width=\"300\" height=\"200\" \/>Continuando con las actuaciones en el Juzgado Letrado de Primera Instancia en lo Penal y de Adolescentes de Octavo Turno, se dispuso la formalizaci\u00f3n de la investigaci\u00f3n preliminar llevada a cabo por la Fiscal\u00eda Departamental de Cuarto Turno respecto a las siguientes personas: \u201cW.A.A. D. \u2013 L.O.C.D. \u2013 V.C.G. \u2013 R.A.S.R. y L.A.N.C., (un delito de asociaci\u00f3n para delinquir especialmente agravado en concurrencia fuera de la reiteraci\u00f3n con un delito continuado, en la modalidad de ofrecer en venta o negociar de cualquier modo sustancias estupefacientes). -G.R.S.M. \u2013 M.E.S.M. \u2013 F.P.S.M. y A.R.D.S., (un delito de asociaci\u00f3n para delinquir especialmente agravado en concurrencia fuera de la reiteraci\u00f3n con un delito continuado, en la modalidad de ofrecer en venta o negociar de cualquier modo sustancias estupefacientes, en calidad de autores y coautores). -M.S.M.B., (un delito de asociaci\u00f3n para delinquir especialmente agravado en concurrencia fuera de la reiteraci\u00f3n con un delito continuado, en la modalidad de ofrecer en venta o negociar de cualquier modo sustancias de estupefacientes, as\u00ed como en la modalidad de almacenamiento en calidad de autor y coautor, estos en reiteraci\u00f3n real con un delito de receptaci\u00f3n). -F.M.S.M., (un delito de asociaci\u00f3n para delinquir especialmente agravado en concurrencia fuera de la reiteraci\u00f3n con un delito continuado, en la modalidad de ofrecer en venta o negociar de cualquier modo sustancias estupefacientes en calidad de autor y coautor, \u00e9stos en reiteraci\u00f3n real con un delito de receptaci\u00f3n en calidad de autor). -F.C.R.R., (un delito de un delito de encubrimiento en calidad de autor). Imponi\u00e9ndole a todos ellos, \u201cla medida cautelar de prisi\u00f3n preventiva\u201d, por el t\u00e9rmino de ciento veinte d\u00edas (120), con cese autom\u00e1tico el d\u00eda 13 de diciembre de 2019 a las 14:00 horas, salvo nueva disposici\u00f3n de Sede Judicial\u201d.<\/a><a href=\"https:\/\/delparquefm.com\/press\/wp-content\/uploads\/2019\/08\/5d55dc9ac3d10.jpeg\"><img loading=\"lazy\" class=\"alignnone size-medium wp-image-5128\" src=\"https:\/\/delparquefm.com\/press\/wp-content\/uploads\/2019\/08\/5d55dc9ac3d10-300x180.jpeg\" alt=\"\" width=\"300\" height=\"180\" \/><\/a><\/p>\n","protected":false},"excerpt":{"rendered":"<p>Continuando con las actuaciones en el Juzgado Letrado de Primera Instancia en lo Penal y de Adolescentes de Octavo Turno, se dispuso la formalizaci\u00f3n de&#8230;<\/p>\n","protected":false},"author":10,"featured_media":0,"comment_status":"open","ping_status":"closed","sticky":false,"template":"","format":"standard","meta":[],"categories":[1],"tags":[],"_links":{"self":[{"href":"https:\/\/delparquefm.com\/press\/wp-json\/wp\/v2\/posts\/5154"}],"collection":[{"href":"https:\/\/delparquefm.com\/press\/wp-json\/wp\/v2\/posts"}],"about":[{"href":"https:\/\/delparquefm.com\/press\/wp-json\/wp\/v2\/types\/post"}],"author":[{"embeddable":true,"href":"https:\/\/delparquefm.com\/press\/wp-json\/wp\/v2\/users\/10"}],"replies":[{"embeddable":true,"href":"https:\/\/delparquefm.com\/press\/wp-json\/wp\/v2\/comments?post=5154"}],"version-history":[{"count":1,"href":"https:\/\/delparquefm.com\/press\/wp-json\/wp\/v2\/posts\/5154\/revisions"}],"predecessor-version":[{"id":5155,"href":"https:\/\/delparquefm.com\/press\/wp-json\/wp\/v2\/posts\/5154\/revisions\/5155"}],"wp:attachment":[{"href":"https:\/\/delparquefm.com\/press\/wp-json\/wp\/v2\/media?parent=5154"}],"wp:term":[{"taxonomy":"category","embeddable":true,"href":"https:\/\/delparquefm.com\/press\/wp-json\/wp\/v2\/categories?post=5154"},{"taxonomy":"post_tag","embeddable":true,"href":"https:\/\/delparquefm.com\/press\/wp-json\/wp\/v2\/tags?post=5154"}],"curies":[{"name":"wp","href":"https:\/\/api.w.org\/{rel}","templated":true}]}}