{"id":5149,"date":"2019-08-17T21:03:15","date_gmt":"2019-08-18T00:03:15","guid":{"rendered":"http:\/\/delparquefm.com\/press\/?p=5149"},"modified":"2019-08-17T21:03:15","modified_gmt":"2019-08-18T00:03:15","slug":"campana-para-prevenir-siniestros-de-transito-en-la-noche-de-la-nostalgia","status":"publish","type":"post","link":"https:\/\/delparquefm.com\/press\/campana-para-prevenir-siniestros-de-transito-en-la-noche-de-la-nostalgia\/","title":{"rendered":"Campa\u00f1a para prevenir siniestros de tr\u00e1nsito en la Noche de la Nostalgia"},"content":{"rendered":"<p><a href=\"https:\/\/delparquefm.com\/press\/wp-content\/uploads\/2019\/08\/Conferencia-Preparativos-Nostalgia-01-768x512.jpg\"><img loading=\"lazy\" class=\"alignnone size-medium wp-image-5150\" src=\"https:\/\/delparquefm.com\/press\/wp-content\/uploads\/2019\/08\/Conferencia-Preparativos-Nostalgia-01-768x512-300x200.jpg\" alt=\"\" width=\"300\" height=\"200\" \/><\/a><\/p>\n<p>La Mesa Interinstitucional de Tr\u00e1nsito de Salto brind\u00f3 una conferencia de prensa en la que dio a conocer la campa\u00f1a que se realiza con motivo de prevenir siniestros en una noche de mucho movimiento como lo es la Noche de la Nostalgia, a trav\u00e9s de un trabajo coordinado con la Unidad Nacional de Seguridad Vial (UNASEV).<\/p>\n<p>Este a\u00f1o, la campa\u00f1a parte de la base de que la siniestralidad vial, como consecuencia del consumo de alcohol u otras drogas, es evitable, y por eso apunta a advertir sobre los efectos de las drogas en la conducci\u00f3n y sus graves consecuencias.<\/p>\n<p>\u00abEstamos solicitando la colaboraci\u00f3n de todos los salte\u00f1os para que este 24 de agosto se diviertan pero se cuiden y puedan regresar bien a sus casas\u00bb, dijo Andrea Cardozo, coordinadora de Seguridad Vial de la Intendencia de Salto. Este a\u00f1o, el lema elegido para la campa\u00f1a dice \u00abEn el tr\u00e1nsito, seguro es cero\u00bb. Cardozo record\u00f3 que en nuestro pa\u00eds la tolerancia al alcohol y otras drogas es cero y que la normativa vigente habilita a retirar la licencia de conducir y el veh\u00edculo cuando existe alcohol en sangre, con una sanci\u00f3n m\u00ednima de seis meses que se puede duplicar dependiendo del grado que se presente.<\/p>\n<p>La campa\u00f1a pone \u00e9nfasis en que la poblaci\u00f3n comprenda la responsabilidad que tiene al volante. En nombre de los servicios de asistencia que integran la Mesa, el Dr. Juan Jos\u00e9 Leal pidi\u00f3 a la poblaci\u00f3n que se sensibilice, y dijo que los siniestros afectan \u00absobre todo a la poblaci\u00f3n joven, por debajo de 35 a\u00f1os y m\u00e1s entre 20 y 29 a\u00f1os. La ingesta de alcohol o sustancias psicoactivas nos impiden tener todos nuestros sentidos alerta para una correcta conducci\u00f3n y se producen lesiones que pueden ser fatales o dejar secuelas de por vida\u00bb.<\/p>\n<p>Las acciones que se vienen realizando comprenden actividades de concientizaci\u00f3n en centros educativos as\u00ed como intervenciones en distintos lugares de la ciudad, como la zona de Salto Shopping y el Micro Centro, en las que se entrega material y se advierte a los conductores que deben cumplir las normas de tr\u00e1nsito: no consumir alcohol u otras drogas si van a manejar, usar cintur\u00f3n de seguridad, respetar los l\u00edmites de velocidad, no usar el celular y, si andan en moto, usar casco y chaleco.<\/p>\n<div class=\"sharedaddy sd-sharing-enabled\">\n<div class=\"robots-nocontent sd-block sd-social sd-social-icon-text sd-sharing\">\n<h3 class=\"sd-title\">Comparte la noticia<\/h3>\n<\/div>\n<\/div>\n","protected":false},"excerpt":{"rendered":"<p>La Mesa Interinstitucional de Tr\u00e1nsito de Salto brind\u00f3 una conferencia de prensa en la que dio a conocer la campa\u00f1a que se realiza con motivo&#8230;<\/p>\n","protected":false},"author":10,"featured_media":0,"comment_status":"open","ping_status":"closed","sticky":false,"template":"","format":"standard","meta":[],"categories":[8],"tags":[],"_links":{"self":[{"href":"https:\/\/delparquefm.com\/press\/wp-json\/wp\/v2\/posts\/5149"}],"collection":[{"href":"https:\/\/delparquefm.com\/press\/wp-json\/wp\/v2\/posts"}],"about":[{"href":"https:\/\/delparquefm.com\/press\/wp-json\/wp\/v2\/types\/post"}],"author":[{"embeddable":true,"href":"https:\/\/delparquefm.com\/press\/wp-json\/wp\/v2\/users\/10"}],"replies":[{"embeddable":true,"href":"https:\/\/delparquefm.com\/press\/wp-json\/wp\/v2\/comments?post=5149"}],"version-history":[{"count":1,"href":"https:\/\/delparquefm.com\/press\/wp-json\/wp\/v2\/posts\/5149\/revisions"}],"predecessor-version":[{"id":5151,"href":"https:\/\/delparquefm.com\/press\/wp-json\/wp\/v2\/posts\/5149\/revisions\/5151"}],"wp:attachment":[{"href":"https:\/\/delparquefm.com\/press\/wp-json\/wp\/v2\/media?parent=5149"}],"wp:term":[{"taxonomy":"category","embeddable":true,"href":"https:\/\/delparquefm.com\/press\/wp-json\/wp\/v2\/categories?post=5149"},{"taxonomy":"post_tag","embeddable":true,"href":"https:\/\/delparquefm.com\/press\/wp-json\/wp\/v2\/tags?post=5149"}],"curies":[{"name":"wp","href":"https:\/\/api.w.org\/{rel}","templated":true}]}}