{"id":5130,"date":"2019-08-15T22:45:01","date_gmt":"2019-08-16T01:45:01","guid":{"rendered":"http:\/\/delparquefm.com\/press\/?p=5130"},"modified":"2019-08-15T22:45:01","modified_gmt":"2019-08-16T01:45:01","slug":"penarol-de-salto-homenajeo-a-edinson-cavani-y-pedro-rocha","status":"publish","type":"post","link":"https:\/\/delparquefm.com\/press\/penarol-de-salto-homenajeo-a-edinson-cavani-y-pedro-rocha\/","title":{"rendered":"Pe\u00f1arol de Salto homenaje\u00f3 a Edinson Cavani y Pedro Rocha"},"content":{"rendered":"<p id=\"p213339-m188-1-189\" class=\"paragraph  selectionShareable\">Para los mas j\u00f3venes no es extra\u00f1o observar a\u00a0<b>Cavani\u00a0<\/b>en una obra en grafiti en una pared porque es la segunda que el artista Gallino ha pintado en su ciudad natal y por la vigencia misma de\u00a0<b>\u201cEl Matador\u201d<\/b>, pero en cambio para quienes ya peinan canas, mas de un lagrim\u00f3n han soltado cuando se sorprenden de quien est\u00e1 a su lado es\u00a0<b>\u201cEl Verdugo\u201d<\/b>\u00a0y gloria de los carboneros y del f\u00fatbol uruguayo.<\/p>\n<p id=\"p213339-m193-2-194\" class=\"paragraph  selectionShareable\">Los dirigentes del\u00a0<b>Club Pe\u00f1arol de Salto<\/b>\u00a0con esta obra art\u00edstica han querido reivindicar a\u00a0<b>Pedro Virgilio Rocha<\/b>\u00a0como futbolista y persona y en poco tiempo mas su complejo deportivo en desarrollo llevar\u00e1 tambi\u00e9n su nombre en reconocimiento al deseo que el expresaba en cada oportunidad que visitaba a sus amigos y compa\u00f1eros del club.<\/p>\n<p id=\"p213339-m198-3-199\" class=\"paragraph  selectionShareable\"><b>Pedro Rocha<\/b>\u00a0falleci\u00f3 en la ciudad de\u00a0<b>San Pablo<\/b>\u00a0en 2013 tras una prolongada enfermedad y en sus mejores momentos de su vida siempre que llegaba a\u00a0<b>Salto\u00a0<\/b>concurr\u00eda a esta sede ubicada en la Avda. Barbieri donde hoy est\u00e1 plasmado en la obra de\u00a0<b>Gallino\u00a0<\/b>junto a\u00a0<b>&#8220;Edi&#8221; Cavani\u00a0<\/b>y se llevan las miradas de transe\u00fantes y conductores.<\/p>\n<p id=\"p213339-m203-4-204\" class=\"paragraph  selectionShareable\"><b>Cavani\u00a0<\/b>quien tambi\u00e9n tuvo su paso por el\u00a0<b>Club Pe\u00f1arol<\/b>\u00a0en categor\u00eda baby f\u00fatbol, con sus transferencias aport\u00f3 por derechos de formativa una importante suma de dinero en su momento, al igual que se beneficiaron otras instituciones locales y eso se destin\u00f3 al inicio de obras de su nuevo complejo deportivo.\u00a0<a href=\"https:\/\/delparquefm.com\/press\/wp-content\/uploads\/2019\/08\/5d4b41e1c8158.jpeg\"><img loading=\"lazy\" class=\"alignnone size-medium wp-image-5131\" src=\"https:\/\/delparquefm.com\/press\/wp-content\/uploads\/2019\/08\/5d4b41e1c8158-300x200.jpeg\" alt=\"\" width=\"300\" height=\"200\" \/><\/a><\/p>\n","protected":false},"excerpt":{"rendered":"<p>Para los mas j\u00f3venes no es extra\u00f1o observar a\u00a0Cavani\u00a0en una obra en grafiti en una pared porque es la segunda que el artista Gallino ha&#8230;<\/p>\n","protected":false},"author":10,"featured_media":0,"comment_status":"open","ping_status":"closed","sticky":false,"template":"","format":"standard","meta":[],"categories":[1],"tags":[],"_links":{"self":[{"href":"https:\/\/delparquefm.com\/press\/wp-json\/wp\/v2\/posts\/5130"}],"collection":[{"href":"https:\/\/delparquefm.com\/press\/wp-json\/wp\/v2\/posts"}],"about":[{"href":"https:\/\/delparquefm.com\/press\/wp-json\/wp\/v2\/types\/post"}],"author":[{"embeddable":true,"href":"https:\/\/delparquefm.com\/press\/wp-json\/wp\/v2\/users\/10"}],"replies":[{"embeddable":true,"href":"https:\/\/delparquefm.com\/press\/wp-json\/wp\/v2\/comments?post=5130"}],"version-history":[{"count":1,"href":"https:\/\/delparquefm.com\/press\/wp-json\/wp\/v2\/posts\/5130\/revisions"}],"predecessor-version":[{"id":5132,"href":"https:\/\/delparquefm.com\/press\/wp-json\/wp\/v2\/posts\/5130\/revisions\/5132"}],"wp:attachment":[{"href":"https:\/\/delparquefm.com\/press\/wp-json\/wp\/v2\/media?parent=5130"}],"wp:term":[{"taxonomy":"category","embeddable":true,"href":"https:\/\/delparquefm.com\/press\/wp-json\/wp\/v2\/categories?post=5130"},{"taxonomy":"post_tag","embeddable":true,"href":"https:\/\/delparquefm.com\/press\/wp-json\/wp\/v2\/tags?post=5130"}],"curies":[{"name":"wp","href":"https:\/\/api.w.org\/{rel}","templated":true}]}}