{"id":4717,"date":"2019-06-12T07:27:47","date_gmt":"2019-06-12T10:27:47","guid":{"rendered":"http:\/\/delparquefm.com\/press\/?p=4717"},"modified":"2019-06-12T07:27:47","modified_gmt":"2019-06-12T10:27:47","slug":"comenzo-la-construccion-de-la-estacion-de-servicio-en-termas-del-arapey","status":"publish","type":"post","link":"https:\/\/delparquefm.com\/press\/comenzo-la-construccion-de-la-estacion-de-servicio-en-termas-del-arapey\/","title":{"rendered":"Comenz\u00f3 la construcci\u00f3n de la estaci\u00f3n de servicio en Termas del Arapey"},"content":{"rendered":"<p>El intendente de Salto Andr\u00e9s Lima, confirm\u00f3 que comenzaron las obras para la construcci\u00f3n de la estaci\u00f3n de servicio de Termas de Arapey, las que est\u00e1n a cargo de la empresa Bisio. El jerarca se\u00f1al\u00f3 que es un servicio muy anhelado y necesario tanto para quienes viven en la zona como para los empresarios del sector hotelero y sobre todo para los turistas, que en un alt\u00edsimo porcentaje llegan al centro termal en su propio veh\u00edculo.<\/p>\n<p>Por su parte, la directora de Turismo de la Intendencia, Mar\u00eda Noel Rodr\u00edguez, inform\u00f3 que gestiones realizadas personalmente por la Ministra de Turismo Liliam Kechichiam ante ANCAP, lograron destrabar el proceso para comenzar las obras.<\/p>\n<p>Paralelamente, la Junta Departamental de Salto vot\u00f3 la extensi\u00f3n del plazo del comodato otorgado por la Intendencia a ANCAP, y que este cedi\u00f3 a la Distribuidora Uruguaya de Combustibles S.A. (DUCSA), hasta el a\u00f1o 2035. &#8220;Esto hace que la inversi\u00f3n en infraestructura sea viable y se pueda amortizar a lo largo del tiempo&#8221;, dijo Rodr\u00edguez.<\/p>\n<p>Esta acci\u00f3n se suma a las obras que se realizar\u00e1n en el camino de acceso a Termas del Arapey, que prev\u00e9n la reparaci\u00f3n de los 19 kil\u00f3metros del camino Ra\u00fal Gaud\u00edn mediante licitaci\u00f3n a empresas constructoras, lo que significar\u00e1 una mejora sustancial para la oferta del centro termal.<\/p>\n<p>&nbsp;<\/p>\n","protected":false},"excerpt":{"rendered":"<p>El intendente de Salto Andr\u00e9s Lima, confirm\u00f3 que comenzaron las obras para la construcci\u00f3n de la estaci\u00f3n de servicio de Termas de Arapey, las que&#8230;<\/p>\n","protected":false},"author":1,"featured_media":0,"comment_status":"open","ping_status":"closed","sticky":false,"template":"","format":"standard","meta":[],"categories":[8],"tags":[],"_links":{"self":[{"href":"https:\/\/delparquefm.com\/press\/wp-json\/wp\/v2\/posts\/4717"}],"collection":[{"href":"https:\/\/delparquefm.com\/press\/wp-json\/wp\/v2\/posts"}],"about":[{"href":"https:\/\/delparquefm.com\/press\/wp-json\/wp\/v2\/types\/post"}],"author":[{"embeddable":true,"href":"https:\/\/delparquefm.com\/press\/wp-json\/wp\/v2\/users\/1"}],"replies":[{"embeddable":true,"href":"https:\/\/delparquefm.com\/press\/wp-json\/wp\/v2\/comments?post=4717"}],"version-history":[{"count":1,"href":"https:\/\/delparquefm.com\/press\/wp-json\/wp\/v2\/posts\/4717\/revisions"}],"predecessor-version":[{"id":4719,"href":"https:\/\/delparquefm.com\/press\/wp-json\/wp\/v2\/posts\/4717\/revisions\/4719"}],"wp:attachment":[{"href":"https:\/\/delparquefm.com\/press\/wp-json\/wp\/v2\/media?parent=4717"}],"wp:term":[{"taxonomy":"category","embeddable":true,"href":"https:\/\/delparquefm.com\/press\/wp-json\/wp\/v2\/categories?post=4717"},{"taxonomy":"post_tag","embeddable":true,"href":"https:\/\/delparquefm.com\/press\/wp-json\/wp\/v2\/tags?post=4717"}],"curies":[{"name":"wp","href":"https:\/\/api.w.org\/{rel}","templated":true}]}}