{"id":4710,"date":"2019-06-11T06:58:43","date_gmt":"2019-06-11T09:58:43","guid":{"rendered":"http:\/\/delparquefm.com\/press\/?p=4710"},"modified":"2019-06-11T06:58:43","modified_gmt":"2019-06-11T09:58:43","slug":"nuevo-espacio-infantil-y-saludable-barrio-gallino-oeste","status":"publish","type":"post","link":"https:\/\/delparquefm.com\/press\/nuevo-espacio-infantil-y-saludable-barrio-gallino-oeste\/","title":{"rendered":"Nuevo espacio infantil y saludable barrio Gallino Oeste"},"content":{"rendered":"<p>Vecinos del barrio Gallino Oeste cuentan con un espacio saludable e inclusivo instalado por la Intendencia de Salto en la esquina de Maciel y Arregui. En la ocasi\u00f3n, tambi\u00e9n fueron colocados juegos infantiles para los m\u00e1s peque\u00f1os. La iniciativa surgi\u00f3 de los propios vecinos que realizaron un pedido a la comuna para contar con este espacio de integraci\u00f3n.<\/p>\n<p>La nueva plaza cuenta con juegos saludables, inclusivos e infantiles; adem\u00e1s, funcionarios de Servicios P\u00fablicos de la Intendencia instalaron columnas de alumbrado p\u00fablico con luces led.<\/p>\n<p>Julio Argain, coordinador de la Unidad \u00d3mnibus, record\u00f3 que el espacio estaba bastante deteriorado y todos sab\u00edan la importancia de tener un lugar para los ni\u00f1os y el barrio. Destac\u00f3 la posibilidad de contar con esta nueva placita para toda la comunidad.<\/p>\n<p>La vecina Roxana Viera, dijo que es parte de lo solicitado a las autoridades en las reuniones, \u201ctenemos muchos proyectos\u2026 necesitamos el apoyo de todos porque juntos podemos salir adelante\u201d. Una de las impulsoras del proyecto solicit\u00f3 a los integrantes del Gobierno departamental la construcci\u00f3n de una cancha de f\u00fatbol en un predio lindero a la nueva placita, a lo que el intendente respondi\u00f3 que los j\u00f3venes del barrio tendr\u00e1n este nuevo espacio en breve.<\/p>\n<p>El coordinador de Servicios P\u00fablicos, Henry Alberenque, inform\u00f3 que, previo a la instalaci\u00f3n de los aparatos, fue necesaria la intervenci\u00f3n de la Direcci\u00f3n de Obras de la Intendencia para nivelar el terreno y dejarlo en condiciones para habilitar este nuevo espacio p\u00fablico. Luego se procedi\u00f3 a la instalaci\u00f3n de los juegos saludables y las luces led. Albarenque destac\u00f3 la voluntad de colaboraci\u00f3n de los vecinos que donaron tres juegos infantiles para sumarlos a los saludables aportados por la comuna.<\/p>\n<p>El doctor Andr\u00e9s Lima hizo hincapi\u00e9 en que esta pol\u00edtica de promover espacios para la pr\u00e1ctica de actividades saludables y recreativas continuar\u00e1 siendo replicada en otros barrios de la ciudad y localidades del interior como espacio de socializaci\u00f3n y comuni\u00f3n entre vecinos y habitantes de la zona.<\/p>\n<p><a href=\"https:\/\/delparquefm.com\/press\/wp-content\/uploads\/2019\/06\/JUEGOS-02.jpg\"><img loading=\"lazy\" class=\"alignnone size-medium wp-image-4711\" src=\"https:\/\/delparquefm.com\/press\/wp-content\/uploads\/2019\/06\/JUEGOS-02-300x200.jpg\" alt=\"\" width=\"300\" height=\"200\" \/><\/a><\/p>\n","protected":false},"excerpt":{"rendered":"<p>Vecinos del barrio Gallino Oeste cuentan con un espacio saludable e inclusivo instalado por la Intendencia de Salto en la esquina de Maciel y Arregui&#8230;.<\/p>\n","protected":false},"author":1,"featured_media":0,"comment_status":"open","ping_status":"closed","sticky":false,"template":"","format":"standard","meta":[],"categories":[8],"tags":[],"_links":{"self":[{"href":"https:\/\/delparquefm.com\/press\/wp-json\/wp\/v2\/posts\/4710"}],"collection":[{"href":"https:\/\/delparquefm.com\/press\/wp-json\/wp\/v2\/posts"}],"about":[{"href":"https:\/\/delparquefm.com\/press\/wp-json\/wp\/v2\/types\/post"}],"author":[{"embeddable":true,"href":"https:\/\/delparquefm.com\/press\/wp-json\/wp\/v2\/users\/1"}],"replies":[{"embeddable":true,"href":"https:\/\/delparquefm.com\/press\/wp-json\/wp\/v2\/comments?post=4710"}],"version-history":[{"count":1,"href":"https:\/\/delparquefm.com\/press\/wp-json\/wp\/v2\/posts\/4710\/revisions"}],"predecessor-version":[{"id":4712,"href":"https:\/\/delparquefm.com\/press\/wp-json\/wp\/v2\/posts\/4710\/revisions\/4712"}],"wp:attachment":[{"href":"https:\/\/delparquefm.com\/press\/wp-json\/wp\/v2\/media?parent=4710"}],"wp:term":[{"taxonomy":"category","embeddable":true,"href":"https:\/\/delparquefm.com\/press\/wp-json\/wp\/v2\/categories?post=4710"},{"taxonomy":"post_tag","embeddable":true,"href":"https:\/\/delparquefm.com\/press\/wp-json\/wp\/v2\/tags?post=4710"}],"curies":[{"name":"wp","href":"https:\/\/api.w.org\/{rel}","templated":true}]}}