{"id":4706,"date":"2019-06-11T06:48:55","date_gmt":"2019-06-11T09:48:55","guid":{"rendered":"http:\/\/delparquefm.com\/press\/?p=4706"},"modified":"2019-06-11T06:48:55","modified_gmt":"2019-06-11T09:48:55","slug":"ministerio-de-turismo-convoca-a-nuevo-llamado-para-circuito-recreativo-en-parque-del-lago","status":"publish","type":"post","link":"https:\/\/delparquefm.com\/press\/ministerio-de-turismo-convoca-a-nuevo-llamado-para-circuito-recreativo-en-parque-del-lago\/","title":{"rendered":"Ministerio de Turismo convoca a nuevo llamado para circuito recreativo en Parque del Lago"},"content":{"rendered":"<p>Dentro de las obras y acciones planificadas para el Corredor de los P\u00e1jaros Pintados, financiadas por el Programa de Desarrollo de Corredores Tur\u00edsticos del Ministerio de Turismo (MINTUR-BID), la Intendencia de Salto y el Ministerio trabajan en dos llamados en paralelo para la intervenci\u00f3n del Parque del Lago.<\/p>\n<p>&#8220;Estamos trabajando en la zona de Parque del Lago de Salto Grande para potenciar el desarrollo tur\u00edstico que tiene el \u00e1rea con nuevas intervenciones, pero sobre todo, con un proyecto a largo plazo para complementar el producto termal. La inversi\u00f3n total en el proyecto ser\u00e1 de m\u00e1s de trescientos mil d\u00f3lares y permitir\u00e1 completar la oferta cultural y n\u00e1utica existente para fines de 2019. En esta fase, mientras contin\u00faa trabajando el equipo t\u00e9cnico en el proyecto de infraestructura tur\u00edstica, se realiza un llamado a licitaci\u00f3n para interesados en realizar el dise\u00f1o, montaje e instalaci\u00f3n de un circuito experiencial e innovador, l\u00fadico-recreativo y al aire libre&#8221; anunci\u00f3 la directora de Turismo, Mar\u00eda Noel Rodr\u00edguez.<\/p>\n<p>Lo que se busca es desarrollar un circuito que genere una experiencia tur\u00edstica para un p\u00fablico familiar y estimule una interacci\u00f3n emocional del visitante con el entorno. El llamado establece que la propuesta podr\u00e1 apoyarse en plataformas digitales o en elementos f\u00edsicos, siempre en armon\u00eda con el paisaje.<\/p>\n<p>Dentro de los objetivos de este nuevo llamado est\u00e1 proveer de contenidos a la visita al Parque del Lago generando un espect\u00e1culo que contribuya a la dinamizaci\u00f3n tur\u00edstica del \u00e1rea, motivar el desplazamiento de turistas que visitan la zona y vincular el lago de Salto Grande con la oferta cultural y de naturaleza del departamento de Salto.<\/p>\n<p>El plazo para presentar propuestas es el 5 de julio. Las ofertas deber\u00e1n presentarse exclusivamente en formato electr\u00f3nico, mediante el ingreso en el sitio web de Compras Estatales: www.comprasestatales.gub.uy. Por consultas deber\u00e1n comunicarse al correo electr\u00f3nico: llamadosbid3820@mintur.gub.uy, o al tel\u00e9fono 2604 5360, atenci\u00f3n a proveedores, de lunes a domingos de 8 a 21 horas. Tambi\u00e9n pueden ingresar al link correspondiente a la licitaci\u00f3n 1\/2019: https:\/\/www.comprasestatales.gub.uy\/consultas\/detalle\/mostrar-llamado\/1\/id\/731765<\/p>\n<p><a href=\"https:\/\/delparquefm.com\/press\/wp-content\/uploads\/2019\/06\/parque05.jpg\"><img loading=\"lazy\" class=\"alignnone size-medium wp-image-4707\" src=\"https:\/\/delparquefm.com\/press\/wp-content\/uploads\/2019\/06\/parque05-300x200.jpg\" alt=\"\" width=\"300\" height=\"200\" \/><\/a><\/p>\n","protected":false},"excerpt":{"rendered":"<p>Dentro de las obras y acciones planificadas para el Corredor de los P\u00e1jaros Pintados, financiadas por el Programa de Desarrollo de Corredores Tur\u00edsticos del Ministerio&#8230;<\/p>\n","protected":false},"author":1,"featured_media":0,"comment_status":"open","ping_status":"closed","sticky":false,"template":"","format":"standard","meta":[],"categories":[8],"tags":[],"_links":{"self":[{"href":"https:\/\/delparquefm.com\/press\/wp-json\/wp\/v2\/posts\/4706"}],"collection":[{"href":"https:\/\/delparquefm.com\/press\/wp-json\/wp\/v2\/posts"}],"about":[{"href":"https:\/\/delparquefm.com\/press\/wp-json\/wp\/v2\/types\/post"}],"author":[{"embeddable":true,"href":"https:\/\/delparquefm.com\/press\/wp-json\/wp\/v2\/users\/1"}],"replies":[{"embeddable":true,"href":"https:\/\/delparquefm.com\/press\/wp-json\/wp\/v2\/comments?post=4706"}],"version-history":[{"count":1,"href":"https:\/\/delparquefm.com\/press\/wp-json\/wp\/v2\/posts\/4706\/revisions"}],"predecessor-version":[{"id":4708,"href":"https:\/\/delparquefm.com\/press\/wp-json\/wp\/v2\/posts\/4706\/revisions\/4708"}],"wp:attachment":[{"href":"https:\/\/delparquefm.com\/press\/wp-json\/wp\/v2\/media?parent=4706"}],"wp:term":[{"taxonomy":"category","embeddable":true,"href":"https:\/\/delparquefm.com\/press\/wp-json\/wp\/v2\/categories?post=4706"},{"taxonomy":"post_tag","embeddable":true,"href":"https:\/\/delparquefm.com\/press\/wp-json\/wp\/v2\/tags?post=4706"}],"curies":[{"name":"wp","href":"https:\/\/api.w.org\/{rel}","templated":true}]}}