{"id":3965,"date":"2019-03-19T06:44:22","date_gmt":"2019-03-19T09:44:22","guid":{"rendered":"http:\/\/delparquefm.com\/press\/?p=3965"},"modified":"2019-03-19T06:44:22","modified_gmt":"2019-03-19T09:44:22","slug":"trabajo-coordinado-para-revitalizar-el-espacio-publico-paseo-8-de-marzo","status":"publish","type":"post","link":"https:\/\/delparquefm.com\/press\/trabajo-coordinado-para-revitalizar-el-espacio-publico-paseo-8-de-marzo\/","title":{"rendered":"Trabajo coordinado para revitalizar el espacio p\u00fablico Paseo 8 de Marzo"},"content":{"rendered":"<p>Mediante una coordinaci\u00f3n entre el programa Uruguay Trabaja del Mides, Ciedur y la Intendencia de Salto, se viene desarrollando un trabajo que apunta a revitalizar el Paseo 8 de Marzo, un espacio p\u00fablico en memoria del D\u00eda Internacional de la Mujer ubicado en barrio Asencio.<\/p>\n<p>Seg\u00fan explic\u00f3 Fabi\u00e1n Bochia, secretario general de la intendencia, &#8220;no se trata solo de un trabajo a nivel de la infraestructura sino tambi\u00e9n una intervenci\u00f3n social. Esto implica llegar a la gente, generar conciencia sobre la importancia de recuperar el espacio y apropiarse de \u00e9l desde el uso y desde el consenso de que todos somos due\u00f1os de los espacios p\u00fablicos. De esta forma, al tiempo que se mejora la infraestructura, se generan posibilidades de desarrollo social&#8221;.<\/p>\n<p>Por su parte, el psic\u00f3logo social Jorge Soto, que integra la secretar\u00eda de G\u00e9nero y Generaciones de la intendencia, dijo que &#8220;estamos en la etapa final, luego de ocho meses de trabajo. Con los participantes del programa Uruguay Trabaja hemos coordinado para desarrollar la acci\u00f3n comunitaria y promover la participaci\u00f3n, lo que implica un compromiso de las organizaciones, los vecinos y los referentes, en conjunto con el equipo t\u00e9cnico multidisciplinario de Ciedur&#8221;.<\/p>\n<p>Adem\u00e1s, Soto indic\u00f3 que este trabajo permite &#8220;mostrar al departamento lo que es la transversalizaci\u00f3n de las pol\u00edticas de g\u00e9nero&#8221;.<\/p>\n<p>El pr\u00f3ximo viernes 22 de marzo a las 17 horas se realizar\u00e1 la presentaci\u00f3n oficial de los resultados y las mejoras desarrolladas en este espacio.<\/p>\n<p>&nbsp;<\/p>\n","protected":false},"excerpt":{"rendered":"<p>Mediante una coordinaci\u00f3n entre el programa Uruguay Trabaja del Mides, Ciedur y la Intendencia de Salto, se viene desarrollando un trabajo que apunta a revitalizar&#8230;<\/p>\n","protected":false},"author":1,"featured_media":0,"comment_status":"open","ping_status":"closed","sticky":false,"template":"","format":"standard","meta":[],"categories":[8],"tags":[],"_links":{"self":[{"href":"https:\/\/delparquefm.com\/press\/wp-json\/wp\/v2\/posts\/3965"}],"collection":[{"href":"https:\/\/delparquefm.com\/press\/wp-json\/wp\/v2\/posts"}],"about":[{"href":"https:\/\/delparquefm.com\/press\/wp-json\/wp\/v2\/types\/post"}],"author":[{"embeddable":true,"href":"https:\/\/delparquefm.com\/press\/wp-json\/wp\/v2\/users\/1"}],"replies":[{"embeddable":true,"href":"https:\/\/delparquefm.com\/press\/wp-json\/wp\/v2\/comments?post=3965"}],"version-history":[{"count":1,"href":"https:\/\/delparquefm.com\/press\/wp-json\/wp\/v2\/posts\/3965\/revisions"}],"predecessor-version":[{"id":3967,"href":"https:\/\/delparquefm.com\/press\/wp-json\/wp\/v2\/posts\/3965\/revisions\/3967"}],"wp:attachment":[{"href":"https:\/\/delparquefm.com\/press\/wp-json\/wp\/v2\/media?parent=3965"}],"wp:term":[{"taxonomy":"category","embeddable":true,"href":"https:\/\/delparquefm.com\/press\/wp-json\/wp\/v2\/categories?post=3965"},{"taxonomy":"post_tag","embeddable":true,"href":"https:\/\/delparquefm.com\/press\/wp-json\/wp\/v2\/tags?post=3965"}],"curies":[{"name":"wp","href":"https:\/\/api.w.org\/{rel}","templated":true}]}}