{"id":3955,"date":"2019-03-18T07:17:29","date_gmt":"2019-03-18T10:17:29","guid":{"rendered":"http:\/\/delparquefm.com\/press\/?p=3955"},"modified":"2019-03-18T07:17:29","modified_gmt":"2019-03-18T10:17:29","slug":"intendente-presento-mejoras-de-calles-en-pueblo-belen","status":"publish","type":"post","link":"https:\/\/delparquefm.com\/press\/intendente-presento-mejoras-de-calles-en-pueblo-belen\/","title":{"rendered":"Intendente present\u00f3 mejoras de calles en pueblo Bel\u00e9n"},"content":{"rendered":"<p>El pasado s\u00e1bado, el intendente de Salto Andr\u00e9s Lima, present\u00f3 las mejoras realizadas en 11 cuadras en Pueblo Bel\u00e9n.<\/p>\n<p>&#8220;Se trata de 5 cuadras en el Mevir 1, 5 cuadras en calle Flores y 1 cuadra por calle 25 de Mayo, frente a la Escuela 6&#8221; detall\u00f3 Lima. &#8220;Este es un compromiso que hab\u00edamos asumido junto al alcalde Rodolfo Hern\u00e1ndez y, este a\u00f1o se van a continuar bituminizando m\u00e1s calles del pueblo&#8221; asegur\u00f3.<\/p>\n<p>Estas mejoras se presentaron el s\u00e1bado a la tardecita en el marco de los festejos por los 218 a\u00f1os de Bel\u00e9n.<\/p>\n<p>Andr\u00e9s Lima se\u00f1al\u00f3 que particip\u00f3 de una marcha a caballo desde el Mevir 1 hasta la Plaza, &#8220;all\u00ed estuvo tambi\u00e9n la Aparcer\u00eda &#8220;El Revolc\u00f3n&#8221; de Pueblo Bel\u00e9n&#8221; inform\u00f3.<\/p>\n<p>Los festejos se cerraron con un evento art\u00edstico y cultural que se debi\u00f3 hacer en el Gimnasio por las inclemencias del tiempo, all\u00ed participaron artistas locales y de la ciudad.<\/p>\n","protected":false},"excerpt":{"rendered":"<p>El pasado s\u00e1bado, el intendente de Salto Andr\u00e9s Lima, present\u00f3 las mejoras realizadas en 11 cuadras en Pueblo Bel\u00e9n. &#8220;Se trata de 5 cuadras en&#8230;<\/p>\n","protected":false},"author":1,"featured_media":0,"comment_status":"open","ping_status":"closed","sticky":false,"template":"","format":"standard","meta":[],"categories":[8],"tags":[],"_links":{"self":[{"href":"https:\/\/delparquefm.com\/press\/wp-json\/wp\/v2\/posts\/3955"}],"collection":[{"href":"https:\/\/delparquefm.com\/press\/wp-json\/wp\/v2\/posts"}],"about":[{"href":"https:\/\/delparquefm.com\/press\/wp-json\/wp\/v2\/types\/post"}],"author":[{"embeddable":true,"href":"https:\/\/delparquefm.com\/press\/wp-json\/wp\/v2\/users\/1"}],"replies":[{"embeddable":true,"href":"https:\/\/delparquefm.com\/press\/wp-json\/wp\/v2\/comments?post=3955"}],"version-history":[{"count":1,"href":"https:\/\/delparquefm.com\/press\/wp-json\/wp\/v2\/posts\/3955\/revisions"}],"predecessor-version":[{"id":3958,"href":"https:\/\/delparquefm.com\/press\/wp-json\/wp\/v2\/posts\/3955\/revisions\/3958"}],"wp:attachment":[{"href":"https:\/\/delparquefm.com\/press\/wp-json\/wp\/v2\/media?parent=3955"}],"wp:term":[{"taxonomy":"category","embeddable":true,"href":"https:\/\/delparquefm.com\/press\/wp-json\/wp\/v2\/categories?post=3955"},{"taxonomy":"post_tag","embeddable":true,"href":"https:\/\/delparquefm.com\/press\/wp-json\/wp\/v2\/tags?post=3955"}],"curies":[{"name":"wp","href":"https:\/\/api.w.org\/{rel}","templated":true}]}}