{"id":3049,"date":"2018-12-14T18:46:37","date_gmt":"2018-12-14T21:46:37","guid":{"rendered":"http:\/\/delparquefm.com\/press\/?p=3049"},"modified":"2018-12-14T18:46:37","modified_gmt":"2018-12-14T21:46:37","slug":"tormenta-provoco-danos-moderados-en-salto","status":"publish","type":"post","link":"https:\/\/delparquefm.com\/press\/tormenta-provoco-danos-moderados-en-salto\/","title":{"rendered":"Tormenta provoc\u00f3 da\u00f1os moderados en Salto"},"content":{"rendered":"<p>A las 5:35 de la ma\u00f1ana se registr\u00f3 el primer llamado a los tel\u00e9fonos del Centro Coordinador de Emergencia Departamental en la madrugada de este viernes 14 de diciembre, fue la hora en la que comenz\u00f3 a registrarse la mayor actividad el\u00e9ctrica con ocasional precipitaci\u00f3n de granizo, aunque de peque\u00f1o di\u00e1metro. Acto seguido, r\u00e1fagas de viento moderadas a fuertes azotaron la zona, con mayor intensidad en Daym\u00e1n, lo que provoc\u00f3 la voladura del techo de uno de los kioscos, tambi\u00e9n hubo voladura de techo en barrio Quiroga y Andresito.<\/p>\n<p>Durante las horas siguientes, las autoridades recibieron llamados con solicitudes de intervenci\u00f3n \u00fanicamente por enchorradas en los barrios Don Atilio y Horacio Quiroga, donde surgieron la mayor cantidad de inconvenientes. De todas maneras, los fen\u00f3menos m\u00e1s intensos se registraron en departamentos del centro del pa\u00eds.<\/p>\n<p>Julio Texeira, coordinador del CECOED, explic\u00f3 que a todas las familias damnificadas se le hace entrega de un kit de limpieza y elementos para que puedan cubrir todos los objetos que necesitan quedar resguardados del agua.<\/p>\n<p>El \u00e1rea de Servicios P\u00fablicos inici\u00f3 temprano su recorrida por toda la ciudad con el objetivo de detectar los lugares donde ramas de los \u00e1rboles del ornato p\u00fablico se encontraban obstruyendo el tr\u00e1nsito de veh\u00edculos o de transe\u00fantes en las aceras. Inmediatamente procedieron al retiro de las mismas.<\/p>\n<p>Cabe recordar que el CECOED mantiene habilitada su l\u00ednea de comunicaci\u00f3n durante las 24 horas del d\u00eda y el personal permanece atento ante la eventual ocurrencia de nuevos fen\u00f3menos atmosf\u00e9ricos durante el fin de semana.<\/p>\n<p>&nbsp;<\/p>\n","protected":false},"excerpt":{"rendered":"<p>A las 5:35 de la ma\u00f1ana se registr\u00f3 el primer llamado a los tel\u00e9fonos del Centro Coordinador de Emergencia Departamental en la madrugada de este&#8230;<\/p>\n","protected":false},"author":1,"featured_media":0,"comment_status":"open","ping_status":"closed","sticky":false,"template":"","format":"standard","meta":[],"categories":[8],"tags":[],"_links":{"self":[{"href":"https:\/\/delparquefm.com\/press\/wp-json\/wp\/v2\/posts\/3049"}],"collection":[{"href":"https:\/\/delparquefm.com\/press\/wp-json\/wp\/v2\/posts"}],"about":[{"href":"https:\/\/delparquefm.com\/press\/wp-json\/wp\/v2\/types\/post"}],"author":[{"embeddable":true,"href":"https:\/\/delparquefm.com\/press\/wp-json\/wp\/v2\/users\/1"}],"replies":[{"embeddable":true,"href":"https:\/\/delparquefm.com\/press\/wp-json\/wp\/v2\/comments?post=3049"}],"version-history":[{"count":1,"href":"https:\/\/delparquefm.com\/press\/wp-json\/wp\/v2\/posts\/3049\/revisions"}],"predecessor-version":[{"id":3051,"href":"https:\/\/delparquefm.com\/press\/wp-json\/wp\/v2\/posts\/3049\/revisions\/3051"}],"wp:attachment":[{"href":"https:\/\/delparquefm.com\/press\/wp-json\/wp\/v2\/media?parent=3049"}],"wp:term":[{"taxonomy":"category","embeddable":true,"href":"https:\/\/delparquefm.com\/press\/wp-json\/wp\/v2\/categories?post=3049"},{"taxonomy":"post_tag","embeddable":true,"href":"https:\/\/delparquefm.com\/press\/wp-json\/wp\/v2\/tags?post=3049"}],"curies":[{"name":"wp","href":"https:\/\/api.w.org\/{rel}","templated":true}]}}