{"id":3044,"date":"2018-12-14T06:21:34","date_gmt":"2018-12-14T09:21:34","guid":{"rendered":"http:\/\/delparquefm.com\/press\/?p=3044"},"modified":"2018-12-14T07:24:54","modified_gmt":"2018-12-14T10:24:54","slug":"intendencia-dono-una-camioneta-al-mides","status":"publish","type":"post","link":"https:\/\/delparquefm.com\/press\/intendencia-dono-una-camioneta-al-mides\/","title":{"rendered":"Intendencia don\u00f3 una camioneta al Mides"},"content":{"rendered":"<p style=\"font-weight: 400;\">El intendente de Salto Andr\u00e9s Lima hizo entrega de la llave de una camioneta Toyota doble cabina a la directora departamental del Ministerio de Desarrollo Social, licenciada Marcela Azambuja. La instancia se cumpli\u00f3 en el marco de una donaci\u00f3n realizada por la comuna para que el Mides pueda utilizar el veh\u00edculo, especialmente en las giras que realiza por el interior del departamento.<\/p>\n<p style=\"font-weight: 400;\">El anuncio de donaci\u00f3n hab\u00eda sido realizado por el doctor Andr\u00e9s Lima hace algunos meses y, una vez culminados todos los tr\u00e1mites obligatorios, se procedi\u00f3 a la entrega de la unidad que estaba desafectada de la flota de veh\u00edculos de la Intendencia tras la adquisici\u00f3n de nuevas camionetas en el marco de la renovaci\u00f3n impulsada por esta administraci\u00f3n.<\/p>\n","protected":false},"excerpt":{"rendered":"<p>El intendente de Salto Andr\u00e9s Lima hizo entrega de la llave de una camioneta Toyota doble cabina a la directora departamental del Ministerio de Desarrollo&#8230;<\/p>\n","protected":false},"author":1,"featured_media":0,"comment_status":"open","ping_status":"closed","sticky":false,"template":"","format":"standard","meta":[],"categories":[8],"tags":[],"_links":{"self":[{"href":"https:\/\/delparquefm.com\/press\/wp-json\/wp\/v2\/posts\/3044"}],"collection":[{"href":"https:\/\/delparquefm.com\/press\/wp-json\/wp\/v2\/posts"}],"about":[{"href":"https:\/\/delparquefm.com\/press\/wp-json\/wp\/v2\/types\/post"}],"author":[{"embeddable":true,"href":"https:\/\/delparquefm.com\/press\/wp-json\/wp\/v2\/users\/1"}],"replies":[{"embeddable":true,"href":"https:\/\/delparquefm.com\/press\/wp-json\/wp\/v2\/comments?post=3044"}],"version-history":[{"count":1,"href":"https:\/\/delparquefm.com\/press\/wp-json\/wp\/v2\/posts\/3044\/revisions"}],"predecessor-version":[{"id":3046,"href":"https:\/\/delparquefm.com\/press\/wp-json\/wp\/v2\/posts\/3044\/revisions\/3046"}],"wp:attachment":[{"href":"https:\/\/delparquefm.com\/press\/wp-json\/wp\/v2\/media?parent=3044"}],"wp:term":[{"taxonomy":"category","embeddable":true,"href":"https:\/\/delparquefm.com\/press\/wp-json\/wp\/v2\/categories?post=3044"},{"taxonomy":"post_tag","embeddable":true,"href":"https:\/\/delparquefm.com\/press\/wp-json\/wp\/v2\/tags?post=3044"}],"curies":[{"name":"wp","href":"https:\/\/api.w.org\/{rel}","templated":true}]}}